{"id":41208,"date":"2015-09-29T14:22:23","date_gmt":"2015-09-29T11:22:23","guid":{"rendered":"http:\/\/giurgiu-net.ro\/?p=41208"},"modified":"2015-09-29T14:22:23","modified_gmt":"2015-09-29T11:22:23","slug":"trist-si-rusinos-la-miting-liberalii-au-jucat-hora-pe-fostul-imn-al-pdl","status":"publish","type":"post","link":"https:\/\/giurgiu-net.ro\/index.php\/2015\/09\/29\/trist-si-rusinos-la-miting-liberalii-au-jucat-hora-pe-fostul-imn-al-pdl\/","title":{"rendered":"Trist \u015fi ru\u015finos! La miting, liberalii au jucat hora pe fostul imn al PDL"},"content":{"rendered":"<p>Am mai scris \u015fi o s\u0103 scriu c\u00e2t o s\u0103 fie cazul. Pentru c\u0103, \u00een opinia mea, nu avem voie s\u0103 trecem cu vederea at\u00e2t de u\u015for ceea ce s-a \u00eent\u00e2mplat. Nu pot s\u0103 cred c\u0103 rom\u00e2nii chiar s-au pierdut pe ei \u00een\u015fi\u015fi \u00een asemenea hal, \u00eenc\u00e2t s\u0103 nu mai conteze clipele \u00een care, realiz\u00e2nd c\u0103 nu e bine, au luat\u00a0atitudine!<!--more--><\/p>\n<p>\u00cemi amintesc, deci, de un mar\u015f de protest al USL, organizat \u015fi desf\u0103\u015furat la Giurgiu, \u00een 2012, c\u00e2nd sute de oameni, cei mai mul\u0163i convin\u015fi c\u0103 pot schimba ceva ce era r\u0103u, au strigat: <em>JOS Guvernul PDL, Jos Guvernul Boc! <\/em>Am mers tot timpul l\u00e2ng\u0103 oamenii aceia \u015fi recunosc c\u0103 m-au impresionat. La fel de impresiona\u0163i au fost \u015fi oamenii simpli care li s-au al\u0103turat, neinvita\u0163i, dar \u015fi al\u0163i colegi de-ai mei. Nu \u00eemi amintesc s\u0103 fi f\u0103cut cineva mi\u015fto de evenimentul respectiv.<\/p>\n<p>Dincolo de asta, am sim\u0163it cu to\u0163ii c\u0103, \u00eentr-adev\u0103r, dac\u0103 suntem uni\u0163i, putem face ca r\u0103ul &#8222;s\u0103 plece&#8221; \u015fi s\u0103 ne fie mai bine pe bune. Pe aceste promisiuni s-au bazat \u015fi cei peste 70% dintre rom\u00e2nii care au vrut USL la guvernare!<\/p>\n<p>Ceea ce s-a \u00eent\u00e2mplat, ast\u0103zi, la mitingul PNL, desf\u0103\u015furat pentru sus\u0163inerea mo\u0163iunii \u00eempotriva Guvernului Ponta, mi se pare cea mai mare palm\u0103 dat\u0103 rom\u00e2nilor care au crezut \u00een liberali. Mi se pare cea mai mare jignire adus\u0103 rom\u00e2nilor c\u0103rora le spun c\u0103 e r\u0103u cu al\u0163ii, c\u00e2nd ei, tocmai ei au fost da\u0163i jos pentru c\u0103 nu se mai putea!<\/p>\n<p>Am citit \u00een presa central\u0103 cine sunt cei care au \u0163inut, ast\u0103zi, la miting, discursuri \u00eempotriva Puterii: doar doi liberali autentici, Theodor Atanasiu \u015fi Cristian Bu\u015foi, \u015fi <strong>patru PDL-i\u015fti autentici<\/strong>: C\u0103t\u0103lin Predoiu, Sulfina Barbu, Tinel Gheorghe \u015fi Gheorghe Falc\u0103.<\/p>\n<p>Ca s\u0103 se vad\u0103, clar,\u00a0raportul de Putere \u00een Opozi\u0163ie&#8230;<\/p>\n<p>Incredibil!Am \u00een\u0163eles c\u0103, &#8222;subtil&#8221; a\u015fa, vre\u0163i s\u0103 demonstra\u0163i c\u0103 a\u0163i pus m\u00e2na pe al\u0163ii \u015fi face\u0163i ce vre\u0163i cu ei! \u015ei ei ce fac? Dup\u0103 ce au dansat cu alte ocazii HORA UNIRII, \u00eempotriva voastr\u0103, i-a\u0163i determinat acum s\u0103 joace dup\u0103 acorduri PDL-iste?\u00a0Aproape c\u0103 v-a\u015f felicita pentru planul de succes, dac\u0103 n-ar depinde\u00a0viitorul familiei mele, familiilor noastre ale tuturor rom\u00e2nilor simpli de\u00a0acest joc politic ce nu cred c\u0103 are vreo leg\u0103tur\u0103 cu vreo bun\u0103 inten\u0163ie.<\/p>\n<p>Ce-i drept, singura u\u015furare vine din num\u0103rul mult mai mic, jenant de mic, de oameni prezen\u0163i la miting comparativ cu ceea ce au anun\u0163at, anterior, cei doi copre\u015fedin\u0163i ai PNL Alina Gorghiu \u015fi Vasile Blaga. A, dumnealor nici m\u0103car n-au catadicsit s\u0103 tremure pu\u0163in, \u00een ploaie, l\u00e2ng\u0103 elevii liberali<a href=\"https:\/\/www.giurgiu-acum.ro\/galerie-foto-pe-cine-au-dus-liderii-pnl-la-miting\/\" target=\"_blank\" rel=\"noopener\">(www.giurgiu-acum.ro) <\/a>\u015fi \u00eei \u00eencurajau de la c\u0103ldur\u0103, cu mesaje\u00a0transmise prin intermediul\u00a0Facebook!<\/p>\n<p>\u015ei ca s\u0103 nu zice\u0163i c\u0103-s eu p\u0103rtinitoare, citi\u0163i <a href=\"https:\/\/www.hotnews.ro\/stiri-esential-20458942-live-text-miting-organizat-pnl-parcul-izvor-protest-sunt-asteptati-15-mii-oameni.htm\" target=\"_blank\" rel=\"noopener\">ACEST<\/a> articol pe <a href=\"https:\/\/www.hotnews.ro\">www.hotnews.ro<\/a>, este mai mult dec\u00e2t elocvent.<\/p>\n<p>Trist \u015fi ru\u015finos, liberali, nu? Punem pariu c\u0103 sim\u0163im la fel?<\/p>\n<p>C\u0103t\u0103lina Sfetcu<\/p>\n<p>Surs\u0103 foto: HotNews.ro<\/p>\n","protected":false},"excerpt":{"rendered":"<p>Am mai scris \u015fi o s\u0103 scriu c\u00e2t o s\u0103 fie cazul. Pentru c\u0103, \u00een opinia mea, nu avem voie s\u0103 trecem cu vederea at\u00e2t de u\u015for ceea ce s-a \u00eent\u00e2mplat. Nu pot s\u0103 cred c\u0103 rom\u00e2nii chiar s-au pierdut pe ei \u00een\u015fi\u015fi \u00een asemenea hal, \u00eenc\u00e2t s\u0103 nu mai conteze clipele \u00een care, realiz\u00e2nd [&hellip;]<\/p>\n","protected":false},"author":1,"featured_media":41209,"comment_status":"open","ping_status":"open","sticky":false,"template":"","format":"standard","meta":{"slim_seo":{"title":"Trist \u015fi ru\u015finos! La miting, liberalii au jucat hora pe fostul imn al PDL - GIURGIU NET","description":"Am mai scris \u015fi o s\u0103 scriu c\u00e2t o s\u0103 fie cazul. Pentru c\u0103, \u00een opinia mea, nu avem voie s\u0103 trecem cu vederea at\u00e2t de u\u015for ceea ce s-a \u00eent\u00e2mplat. Nu pot s\u0103 cred c\u0103"},"footnotes":""},"categories":[18,20,25],"tags":[1031,1278,1279,1763,1790,1940],"class_list":["post-41208","post","type-post","status-publish","format-standard","has-post-thumbnail","category-actual","category-edit","category-pol","tag-elevi-liberali-la-protest","tag-guvern-pdl","tag-guvern-ponta","tag-miting-pnl","tag-motiune-pnl","tag-pdl"],"_links":{"self":[{"href":"https:\/\/giurgiu-net.ro\/index.php\/wp-json\/wp\/v2\/posts\/41208","targetHints":{"allow":["GET"]}}],"collection":[{"href":"https:\/\/giurgiu-net.ro\/index.php\/wp-json\/wp\/v2\/posts"}],"about":[{"href":"https:\/\/giurgiu-net.ro\/index.php\/wp-json\/wp\/v2\/types\/post"}],"author":[{"embeddable":true,"href":"https:\/\/giurgiu-net.ro\/index.php\/wp-json\/wp\/v2\/users\/1"}],"replies":[{"embeddable":true,"href":"https:\/\/giurgiu-net.ro\/index.php\/wp-json\/wp\/v2\/comments?post=41208"}],"version-history":[{"count":0,"href":"https:\/\/giurgiu-net.ro\/index.php\/wp-json\/wp\/v2\/posts\/41208\/revisions"}],"wp:attachment":[{"href":"https:\/\/giurgiu-net.ro\/index.php\/wp-json\/wp\/v2\/media?parent=41208"}],"wp:term":[{"taxonomy":"category","embeddable":true,"href":"https:\/\/giurgiu-net.ro\/index.php\/wp-json\/wp\/v2\/categories?post=41208"},{"taxonomy":"post_tag","embeddable":true,"href":"https:\/\/giurgiu-net.ro\/index.php\/wp-json\/wp\/v2\/tags?post=41208"}],"curies":[{"name":"wp","href":"https:\/\/api.w.org\/{rel}","templated":true}]}}