{"id":41052,"date":"2015-09-17T15:19:01","date_gmt":"2015-09-17T12:19:01","guid":{"rendered":"http:\/\/giurgiu-net.ro\/?p=41052"},"modified":"2015-09-17T15:19:01","modified_gmt":"2015-09-17T12:19:01","slug":"social-democratii-giurgiuveni-la-congres-se-vor-pune-si-bazele-viitorului-proiect-politic-al-psd","status":"publish","type":"post","link":"https:\/\/giurgiu-net.ro\/index.php\/2015\/09\/17\/social-democratii-giurgiuveni-la-congres-se-vor-pune-si-bazele-viitorului-proiect-politic-al-psd\/","title":{"rendered":"Social-democra\u0163ii giurgiuveni: La Congres se vor pune \u015fi bazele viitorului proiect politic al PSD"},"content":{"rendered":"<p>Purt\u0103torul de cuv\u00e2nt al PSD Giurgiu, R\u0103zvan Cuc, a vorbit, joi, 17 septembrie, \u00een conferin\u0163\u0103 de pres\u0103, despre acest subiect, men\u0163ion\u00e2nd c\u0103 la \u015fedin\u0163a respectiv\u0103 nu vor fi luate doar decizii cu privire la conducerea forma\u0163iunii politice.<!--more--><\/p>\n<p><em>\u201eA\u015fa cum \u015fti\u0163i, mar\u0163i, a avut loc \u015fedin\u0163a Comitetului Executiv \u015fi s-a stabilit data Congresului. 28 din 42 de organiza\u0163ii teritoriale au solicitat ca acest Congres s\u0103 fie organizat p\u00e2n\u0103 la jum\u0103tatea lui octombrie. \u00cen afar\u0103 de alegerea conducerii PSD, vor fi \u015fi modific\u0103ri la statut, regulamente \u015fi se vor pune bazele viitorului proiect politic al PSD p\u00e2n\u0103 \u00een 2016 pentru c\u0103 se dore\u015fte o continuitate. Se dore\u015fte continuarea lucrurilor bune realizate de Guvern\u201d<\/em>, a spus Cuc.<\/p>\n<p>El a reamintit at\u00e2t de major\u0103rile salariale, de celelalte m\u0103suri economice luate, dar \u015fi de faptul c\u0103 datoria c\u0103tre FMI a fost achitat\u0103.<\/p>\n<p><em>\u201eDac\u0103, p\u00e2n\u0103 \u00een 2011, erau dispute pe ce s\u0103 mai taie de la oameni, acum tot ei vin \u015fi critic\u0103 major\u0103rile salariale \u015fi toate m\u0103surile privind redresarea economiei\u201d<\/em>, a mai spus R\u0103zvan Cuc, exprim\u00e2ndu-\u015fi totodat\u0103 opinia c\u0103 odat\u0103 cu desf\u0103\u015furarea Congresului PSD, lucrurile vor intra \u00een linie dreapt\u0103, desigur, politic, dar \u015fi adminstrativ vorbind.<\/p>\n","protected":false},"excerpt":{"rendered":"<p>Purt\u0103torul de cuv\u00e2nt al PSD Giurgiu, R\u0103zvan Cuc, a vorbit, joi, 17 septembrie, \u00een conferin\u0163\u0103 de pres\u0103, despre acest subiect, men\u0163ion\u00e2nd c\u0103 la \u015fedin\u0163a respectiv\u0103 nu vor fi luate doar decizii cu privire la conducerea forma\u0163iunii politice.<\/p>\n","protected":false},"author":1,"featured_media":41053,"comment_status":"open","ping_status":"open","sticky":false,"template":"","format":"standard","meta":{"slim_seo":{"title":"Social-democra\u0163ii giurgiuveni: La Congres se vor pune \u015fi bazele viitorului proiect politic al PSD - GIURGIU NET","description":"Purt\u0103torul de cuv\u00e2nt al PSD Giurgiu, R\u0103zvan Cuc, a vorbit, joi, 17 septembrie, \u00een conferin\u0163\u0103 de pres\u0103, despre acest subiect, men\u0163ion\u00e2nd c\u0103 la \u015fedin\u0163a respectiv\u0103"},"footnotes":""},"categories":[18,22,25],"tags":[705,1279,2250,2290],"class_list":["post-41052","post","type-post","status-publish","format-standard","has-post-thumbnail","category-actual","category-nt","category-pol","tag-congres-psd","tag-guvern-ponta","tag-psd","tag-razvan-cuc"],"_links":{"self":[{"href":"https:\/\/giurgiu-net.ro\/index.php\/wp-json\/wp\/v2\/posts\/41052","targetHints":{"allow":["GET"]}}],"collection":[{"href":"https:\/\/giurgiu-net.ro\/index.php\/wp-json\/wp\/v2\/posts"}],"about":[{"href":"https:\/\/giurgiu-net.ro\/index.php\/wp-json\/wp\/v2\/types\/post"}],"author":[{"embeddable":true,"href":"https:\/\/giurgiu-net.ro\/index.php\/wp-json\/wp\/v2\/users\/1"}],"replies":[{"embeddable":true,"href":"https:\/\/giurgiu-net.ro\/index.php\/wp-json\/wp\/v2\/comments?post=41052"}],"version-history":[{"count":0,"href":"https:\/\/giurgiu-net.ro\/index.php\/wp-json\/wp\/v2\/posts\/41052\/revisions"}],"wp:attachment":[{"href":"https:\/\/giurgiu-net.ro\/index.php\/wp-json\/wp\/v2\/media?parent=41052"}],"wp:term":[{"taxonomy":"category","embeddable":true,"href":"https:\/\/giurgiu-net.ro\/index.php\/wp-json\/wp\/v2\/categories?post=41052"},{"taxonomy":"post_tag","embeddable":true,"href":"https:\/\/giurgiu-net.ro\/index.php\/wp-json\/wp\/v2\/tags?post=41052"}],"curies":[{"name":"wp","href":"https:\/\/api.w.org\/{rel}","templated":true}]}}