{"id":41029,"date":"2015-09-16T08:16:00","date_gmt":"2015-09-16T05:16:00","guid":{"rendered":"http:\/\/giurgiu-net.ro\/?p=41029"},"modified":"2015-09-16T08:16:00","modified_gmt":"2015-09-16T05:16:00","slug":"gorghiu-urecheata-de-dragnea-pe-tema-votului-prin-corespondenta","status":"publish","type":"post","link":"https:\/\/giurgiu-net.ro\/index.php\/2015\/09\/16\/gorghiu-urecheata-de-dragnea-pe-tema-votului-prin-corespondenta\/","title":{"rendered":"Gorghiu, \u201eurecheat\u0103\u201d de Dragnea pe tema votului prin coresponden\u0163\u0103"},"content":{"rendered":"<p>Pre\u015fedintele interimar al PSD Liviu Dragnea a declarat, mar\u0163i, 15 septembrie, c\u0103 problema votului prin coresponden\u0163\u0103 <strong>nu se rezolv\u0103 prin ironii u\u015foare<\/strong>. El a f\u0103cut, astfel, referire la declara\u0163iile copre\u015fedintelui PNL Alina Gorghiu cu privire la paternitatea legii \u015fi a ad\u0103ugat c\u0103 este important ca votul s\u0103 fie securizat.<!--more--><\/p>\n<p><em><a href=\"https:\/\/giurgiu-net.ro\/wp-content\/uploads\/2015\/05\/dragnea-nu-cred-ca-s-a-mai-vazut-intr-un-stat-democratic-ca-pre-edintele-sa-cheme-la-dezordine-sociala-54985-1.jpg\"><img loading=\"lazy\" decoding=\"async\" class=\"aligncenter size-large wp-image-39499\" src=\"https:\/\/giurgiu-net.ro\/wp-content\/uploads\/2015\/05\/dragnea-nu-cred-ca-s-a-mai-vazut-intr-un-stat-democratic-ca-pre-edintele-sa-cheme-la-dezordine-sociala-54985-1-300x200.jpg\" alt=\"dragnea-nu-cred-ca-s-a-mai-vazut-intr-un-stat-democratic-ca-pre-edintele-sa-cheme-la-dezordine-sociala-54985-1\" width=\"300\" height=\"200\" \/><\/a>&#8222;Am v\u0103zut \u015fi declara\u0163iile celor din Opozi\u0163ie. Nu cred c\u0103 prin ironii u\u015foare se poate rezolva o problem\u0103 <\/em><br \/>\n<em>important\u0103 de a asigura dreptul la vot al cet\u0103\u0163enilor din diaspora, dar, \u00een acela\u015fi timp, ca votul lor s\u0103 fie securizat. Eu sper ca dincolo de declara\u0163ii politice \u015fi de ironii, comisia s\u0103 lucreze \u015fi \u00eempreun\u0103 cu AEP s\u0103 r\u0103spund\u0103 \u015fi pachetului de principii care va fi asumat de comisie \u015fi foarte important pentru noi este ca votul prin coresponden\u0163\u0103 s\u0103 fie un vot sigur \u015fi securizat\u201d<\/em>, a spus Dragnea, men\u0163ion\u00e2nd c\u0103\u00a0 posibilitatea de fraudare este eliminat\u0103.<\/p>\n<p><em>\u201eNoi vrem ca aceast\u0103 procedur\u0103 s\u0103 se finalizeze asfel \u00eenc\u00e2t s\u0103 fie aplicat la alegerile parlamentare de anul viitor<strong>&#8222;<\/strong><\/em>, a mai declarat pre\u015fedintele PSD.<\/p>\n<p>Copre\u015fedintele PNL\u00a0Alina Gorghiu a spus luni, 14 septembrie, c\u0103 PNL va sus\u0163ine, \u00een Comisia de Cod electoral, proiectul depus de PNL privind votul prin coresponden\u0163\u0103. Ea a precizat c\u0103 este de acord ca acest proiect s\u0103 se numeasc\u0103 &#8222;Legea Dragnea&#8221;, dac\u0103 asta\u00a0\u00eei re\u0163ine pe cei de la PSD \u00een a adopta\u00a0proiectul.<\/p>\n","protected":false},"excerpt":{"rendered":"<p>Pre\u015fedintele interimar al PSD Liviu Dragnea a declarat, mar\u0163i, 15 septembrie, c\u0103 problema votului prin coresponden\u0163\u0103 nu se rezolv\u0103 prin ironii u\u015foare. El a f\u0103cut, astfel, referire la declara\u0163iile copre\u015fedintelui PNL Alina Gorghiu cu privire la paternitatea legii \u015fi a ad\u0103ugat c\u0103 este important ca votul s\u0103 fie securizat.<\/p>\n","protected":false},"author":1,"featured_media":41030,"comment_status":"open","ping_status":"open","sticky":false,"template":"","format":"standard","meta":{"slim_seo":{"title":"Gorghiu, \u201eurecheat\u0103\u201d de Dragnea pe tema votului prin coresponden\u0163\u0103 - GIURGIU NET","description":"Pre\u015fedintele interimar al PSD Liviu Dragnea a declarat, mar\u0163i, 15 septembrie, c\u0103 problema votului prin coresponden\u0163\u0103 nu se rezolv\u0103 prin ironii u\u015foare . El a f\u0103c"},"footnotes":""},"categories":[18,22,25],"tags":[184,1554,2779],"class_list":["post-41029","post","type-post","status-publish","format-standard","has-post-thumbnail","category-actual","category-nt","category-pol","tag-alina-gorghiu","tag-liviu-dragnea","tag-votul-prin-corespondenta"],"_links":{"self":[{"href":"https:\/\/giurgiu-net.ro\/index.php\/wp-json\/wp\/v2\/posts\/41029","targetHints":{"allow":["GET"]}}],"collection":[{"href":"https:\/\/giurgiu-net.ro\/index.php\/wp-json\/wp\/v2\/posts"}],"about":[{"href":"https:\/\/giurgiu-net.ro\/index.php\/wp-json\/wp\/v2\/types\/post"}],"author":[{"embeddable":true,"href":"https:\/\/giurgiu-net.ro\/index.php\/wp-json\/wp\/v2\/users\/1"}],"replies":[{"embeddable":true,"href":"https:\/\/giurgiu-net.ro\/index.php\/wp-json\/wp\/v2\/comments?post=41029"}],"version-history":[{"count":0,"href":"https:\/\/giurgiu-net.ro\/index.php\/wp-json\/wp\/v2\/posts\/41029\/revisions"}],"wp:attachment":[{"href":"https:\/\/giurgiu-net.ro\/index.php\/wp-json\/wp\/v2\/media?parent=41029"}],"wp:term":[{"taxonomy":"category","embeddable":true,"href":"https:\/\/giurgiu-net.ro\/index.php\/wp-json\/wp\/v2\/categories?post=41029"},{"taxonomy":"post_tag","embeddable":true,"href":"https:\/\/giurgiu-net.ro\/index.php\/wp-json\/wp\/v2\/tags?post=41029"}],"curies":[{"name":"wp","href":"https:\/\/api.w.org\/{rel}","templated":true}]}}