{"id":40953,"date":"2015-09-13T09:48:05","date_gmt":"2015-09-13T06:48:05","guid":{"rendered":"http:\/\/giurgiu-net.ro\/?p=40953"},"modified":"2015-09-13T09:48:05","modified_gmt":"2015-09-13T06:48:05","slug":"avocatul-poporului-face-ancheta-la-penitenciarul-giurgiu","status":"publish","type":"post","link":"https:\/\/giurgiu-net.ro\/index.php\/2015\/09\/13\/avocatul-poporului-face-ancheta-la-penitenciarul-giurgiu\/","title":{"rendered":"Avocatul Poporului face anchet\u0103 la Penitenciarul Giurgiu"},"content":{"rendered":"<p>Aceasta, dup\u0103 ce un de\u0163inut \u00eencarcerat pentru omor \u015fi-a cusut gura. El a protestat astfel fa\u0163\u0103 de o sanc\u0163iune primit\u0103 pentru c\u0103 a vorbit la telefon.<!--more--><\/p>\n<p>B\u0103rbatul respectiv are de isp\u0103\u015fit o pedeaps\u0103 de 16 ani \u015fi, de doi ani, dore\u015fte s\u0103 fie eliberat condi\u0163ionat.<\/p>\n<p>De\u0163inutul a f\u0103cut o sesizare \u015fi c\u0103tre Asocia\u0163ia Drepturilor Omului \u015fi Persoanelor Private de Libertate, acuz\u00e2nd rele tratamente din partea gardienilor \u015fi colegilor de deten\u0163ie.<\/p>\n","protected":false},"excerpt":{"rendered":"<p>Aceasta, dup\u0103 ce un de\u0163inut \u00eencarcerat pentru omor \u015fi-a cusut gura. El a protestat astfel fa\u0163\u0103 de o sanc\u0163iune primit\u0103 pentru c\u0103 a vorbit la telefon.<\/p>\n","protected":false},"author":1,"featured_media":40954,"comment_status":"open","ping_status":"open","sticky":false,"template":"","format":"standard","meta":{"slim_seo":{"title":"Avocatul Poporului face anchet\u0103 la Penitenciarul Giurgiu - GIURGIU NET","description":"Aceasta, dup\u0103 ce un de\u0163inut \u00eencarcerat pentru omor \u015fi-a cusut gura. El a protestat astfel fa\u0163\u0103 de o sanc\u0163iune primit\u0103 pentru c\u0103 a vorbit la telefon. B\u0103rbatul re"},"footnotes":""},"categories":[18,26],"tags":[307,881,1949],"class_list":["post-40953","post","type-post","status-publish","format-standard","has-post-thumbnail","category-actual","category-soc","tag-avocatul-poporului","tag-detinut-cusut-la-gura","tag-penitenciarul-giurgiu"],"_links":{"self":[{"href":"https:\/\/giurgiu-net.ro\/index.php\/wp-json\/wp\/v2\/posts\/40953","targetHints":{"allow":["GET"]}}],"collection":[{"href":"https:\/\/giurgiu-net.ro\/index.php\/wp-json\/wp\/v2\/posts"}],"about":[{"href":"https:\/\/giurgiu-net.ro\/index.php\/wp-json\/wp\/v2\/types\/post"}],"author":[{"embeddable":true,"href":"https:\/\/giurgiu-net.ro\/index.php\/wp-json\/wp\/v2\/users\/1"}],"replies":[{"embeddable":true,"href":"https:\/\/giurgiu-net.ro\/index.php\/wp-json\/wp\/v2\/comments?post=40953"}],"version-history":[{"count":0,"href":"https:\/\/giurgiu-net.ro\/index.php\/wp-json\/wp\/v2\/posts\/40953\/revisions"}],"wp:attachment":[{"href":"https:\/\/giurgiu-net.ro\/index.php\/wp-json\/wp\/v2\/media?parent=40953"}],"wp:term":[{"taxonomy":"category","embeddable":true,"href":"https:\/\/giurgiu-net.ro\/index.php\/wp-json\/wp\/v2\/categories?post=40953"},{"taxonomy":"post_tag","embeddable":true,"href":"https:\/\/giurgiu-net.ro\/index.php\/wp-json\/wp\/v2\/tags?post=40953"}],"curies":[{"name":"wp","href":"https:\/\/api.w.org\/{rel}","templated":true}]}}