{"id":40947,"date":"2015-09-11T12:45:43","date_gmt":"2015-09-11T09:45:43","guid":{"rendered":"http:\/\/giurgiu-net.ro\/?p=40947"},"modified":"2015-09-11T12:45:43","modified_gmt":"2015-09-11T09:45:43","slug":"florian-nicolae-ghinion","status":"publish","type":"post","link":"https:\/\/giurgiu-net.ro\/index.php\/2015\/09\/11\/florian-nicolae-ghinion\/","title":{"rendered":"Florian Nicolae&#8230; \u201eghinion\u201d"},"content":{"rendered":"<p>Da, Noru\u0163 St\u0103ni\u015fteanu se bag\u0103(peste Florian Nicolae) spre Prim\u0103rie!<!--more--><\/p>\n<p>Nu c\u0103 era musai s\u0103 consfin\u0163easc\u0103 treaba asta\u00a0\u00een vreo conferin\u0163\u0103 de pres\u0103, dar e ceva c\u0103 s-au str\u0103duit s\u0103 par\u0103, \u00een fa\u0163a jurnali\u015ftilor locali, c\u0103 treaba e una fireasc\u0103 \u015fi \u201es\u0103n\u0103toas\u0103\u201d pentru PNL Giurgiu. Numai c\u0103, din ce au ar\u0103tat f\u0103r\u0103 s\u0103-\u015fi dea seama, azi, e clar c\u0103 \u00een echipa cu pricina\u00a0numai veselie, prietenie \u015fi fair-play nu sunt.<\/p>\n<p><strong>Florian Nicolae<\/strong> a f\u0103cut un pas uria\u015f \u00een cariera sa politic\u0103 plec\u00e2nd de la PSD. (Ierta\u0163i-mi cli\u015feul!)\u00a0Uria\u015f nu \u00eenseamn\u0103 neap\u0103rat bun. Probabil c\u0103 nici r\u0103u. \u00cens\u0103, cu siguran\u0163\u0103, \u00een momentul \u00een care l-a f\u0103cut, ca o compensa\u0163ie a riscului aferent, cei care l-au ademenit ar fi trebuit s\u0103-i ofere stabilitate.<\/p>\n<p><strong>De\u015fi a spus<\/strong>, la conferin\u0163a de pres\u0103 de azi, c\u0103 nu \u0163ine neap\u0103rat s\u0103 ocupe func\u0163ia de primar, este \u015ftiut de toat\u0103 lumea c\u0103 \u00ee\u015fi dore\u015fte acest lucru. Mult. \u015ei poate chiar exclusiv din motivele expuse de domnia sa. Conteaz\u0103 prea pu\u0163in \u00een acest moment.\u00a0<strong>A\u015fa c\u0103, stabilitatea<\/strong>, \u00een acest caz, se referea, logic, la candidatura sa. Adic\u0103, f\u0103r\u0103 sondaje, cercet\u0103ri, competi\u0163ie intern\u0103 \u00een PNL etc. Altfel, putea r\u0103m\u00e2ne, foarte bine, la PSD&#8230; sau s\u0103 se declare independent.<\/p>\n<p>\u015ei-a durat senza\u0163ia asta\u00a0de stabilitate fix c\u00e2teva s\u0103pt\u0103m\u00e2ni. P\u00e2n\u0103 c\u00e2nd St\u0103ni\u015fteanu s-a g\u00e2ndit s\u0103-i asculte pe prietenii care i-au spus, citez:<strong><em> \u201es\u0103 fie cineva \u015fi dintre noi \u00een competi\u0163ie!\u201d.<\/em><\/strong> Aoleu! Florian Nicolae s-a \u00eenro\u015fit tot, la auzul perlei. Sau poate c\u0103 a zis-o inten\u0163ionat. N-ar fi fost singura s\u0103geat\u0103 otr\u0103vit\u0103 de acolo.<\/p>\n<p>\u00cenainte s\u0103 mai zic din ce i-a zis, voalat, subtil, St\u0103ni\u015fteanu noului s\u0103u coleg de partid, precizez c\u0103 Nicolae a fost foarte scurt cu privire la intrarea primului \u00een curs\u0103. A salutat decizia acestuia \u015fi s-a limitat la a spune c\u0103, dac\u0103 va fi altul mai bun, \u00eel va sus\u0163ine.<\/p>\n<p>Ei bine, <strong>Noru\u0163 St\u0103ni\u015fteanu<\/strong> n-a fost scurt deloc, nici pe departe a\u015fa delicat \u015fi cuminte, disciplinat ca al s\u0103u proasp\u0103t coleg. St\u0103ni\u015fteanu \u015fi-a f\u0103cut chiar campanie, f\u0103r\u0103 rezerve, pe fa\u0163\u0103 \u015fi pe spate \u015fi la st\u00e2nga \u015fi la dreapta. A spus chiar c\u0103 el este convins c\u0103 va ie\u015fi c\u00e2\u015ftig\u0103tor. <em>Adic\u0103, Floricele, te sus\u0163in, da\u2019 s\u0103 \u015ftii c\u0103 eu c\u00e2\u015ftig<\/em>. A citit chiar un sms \u00een care un fost prefect de la Gala\u0163i \u00eei spunea c\u0103 <em>\u201cceea ce nu \u015ftie St\u0103ni\u015fteanu despre administra\u0163ie nici nu are importan\u0163\u0103\u201d<\/em> sau ceva asem\u0103n\u0103tor. S\u0103 mai spun \u015fi c\u0103 a declarat c\u0103 el <strong>nu este adeptul \u201cajutoarelor umanitare\u201d<\/strong>, c\u0103 un primar trebuie s\u0103-I ajute pe oameni, s\u0103 creeze premisele pentru ca ei s\u0103 nu ajung\u0103 \u00een situa\u0163ia de a cere? \u0102sta a fost apogeul, momentul c\u00e2nd ni s-a f\u0103cut nou\u0103 jen\u0103\u2026, m\u0103 g\u00e2ndesc ce-o fi fost \u00een <em>sufletele<\/em> celor doi copre\u015fedin\u0163i.<\/p>\n<p><em>(Beianu a mai \u00eencercat s\u0103 o scoat\u0103 cumva la liman, \u00eens\u0103 Gheorghe \u015etefan, de la un anumit punct, nici nu s-a mai obosit s\u0103 se bage. \u015eedea \u201clini\u015ftit\u201d, la locul lui. \u015ei bine-a f\u0103cut!)<\/em><\/p>\n<p><strong>L-am \u015fi \u00eentrebat pe Florian Nicolae<\/strong>, acum f\u0103r\u0103 stabilitatea pe care \u015fi-a dorit-o mereu, dac\u0103 nu cumva regret\u0103 c\u0103 a plecat din PSD(mai ales c\u0103 \u015fi acolo va fi un sondaj de opinie cu privire la candidatul pentru Prim\u0103ria Giurgiu). S\u0103 \u015fti\u0163i c\u0103 nu a spus NU. A spus doar c\u0103 este onorat c\u0103 face parte din PNL, c\u0103 nu va mai pleca la alt partid \u015fi nici independent nu va fi\u2026<\/p>\n<p>Ghinion, domnule Florian Nicolae, pur ghinion.<\/p>\n<p>&nbsp;<\/p>\n<p>C\u0103t\u0103lina Sfetcu<\/p>\n","protected":false},"excerpt":{"rendered":"<p>Da, Noru\u0163 St\u0103ni\u015fteanu se bag\u0103(peste Florian Nicolae) spre Prim\u0103rie!<\/p>\n","protected":false},"author":1,"featured_media":40948,"comment_status":"open","ping_status":"open","sticky":false,"template":"","format":"standard","meta":{"slim_seo":{"title":"Florian Nicolae... \u201eghinion\u201d - GIURGIU NET","description":"Da, Noru\u0163 St\u0103ni\u015fteanu se bag\u0103(peste Florian Nicolae) spre Prim\u0103rie! Nu c\u0103 era musai s\u0103 consfin\u0163easc\u0103 treaba asta\u00a0\u00een vreo conferin\u0163\u0103 de pres\u0103, dar e ceva c\u0103 s-au"},"footnotes":""},"categories":[18,20,25],"tags":[1125,1853,2027,2158],"class_list":["post-40947","post","type-post","status-publish","format-standard","has-post-thumbnail","category-actual","category-edit","category-pol","tag-florian-nicolae","tag-norut-stanisteanu","tag-pnl-giurgiu","tag-primaria-giurgiu"],"_links":{"self":[{"href":"https:\/\/giurgiu-net.ro\/index.php\/wp-json\/wp\/v2\/posts\/40947","targetHints":{"allow":["GET"]}}],"collection":[{"href":"https:\/\/giurgiu-net.ro\/index.php\/wp-json\/wp\/v2\/posts"}],"about":[{"href":"https:\/\/giurgiu-net.ro\/index.php\/wp-json\/wp\/v2\/types\/post"}],"author":[{"embeddable":true,"href":"https:\/\/giurgiu-net.ro\/index.php\/wp-json\/wp\/v2\/users\/1"}],"replies":[{"embeddable":true,"href":"https:\/\/giurgiu-net.ro\/index.php\/wp-json\/wp\/v2\/comments?post=40947"}],"version-history":[{"count":0,"href":"https:\/\/giurgiu-net.ro\/index.php\/wp-json\/wp\/v2\/posts\/40947\/revisions"}],"wp:attachment":[{"href":"https:\/\/giurgiu-net.ro\/index.php\/wp-json\/wp\/v2\/media?parent=40947"}],"wp:term":[{"taxonomy":"category","embeddable":true,"href":"https:\/\/giurgiu-net.ro\/index.php\/wp-json\/wp\/v2\/categories?post=40947"},{"taxonomy":"post_tag","embeddable":true,"href":"https:\/\/giurgiu-net.ro\/index.php\/wp-json\/wp\/v2\/tags?post=40947"}],"curies":[{"name":"wp","href":"https:\/\/api.w.org\/{rel}","templated":true}]}}