{"id":40944,"date":"2015-09-11T12:06:16","date_gmt":"2015-09-11T09:06:16","guid":{"rendered":"http:\/\/giurgiu-net.ro\/?p=40944"},"modified":"2015-09-11T12:06:16","modified_gmt":"2015-09-11T09:06:16","slug":"suntem-inca-sub-cod-galben-de-ploi-cand-scapam-de-vremea-rea","status":"publish","type":"post","link":"https:\/\/giurgiu-net.ro\/index.php\/2015\/09\/11\/suntem-inca-sub-cod-galben-de-ploi-cand-scapam-de-vremea-rea\/","title":{"rendered":"Suntem \u00eenc\u0103 sub Cod Galben de ploi. C\u00e2nd sc\u0103p\u0103m de vremea rea?"},"content":{"rendered":"<p style=\"text-align: justify;\">Din aceast\u0103 diminea\u0163\u0103 \u015fi p\u00e2n\u0103 la ora 16.00, Giurgiu al\u0103turi de Capital\u0103 \u015fi alte \u015fapte jude\u0163e se afl\u0103 sub avertizare meteo de ploi \u00eensemnate cantitativ \u015fi intensific\u0103ri ale v\u00e2ntului.<!--more--><\/p>\n<p style=\"text-align: justify;\"><strong>Zonele vizate de Codul Galben sunt Bucure\u015fti \u015fi jude\u0163ele Ilfov, Giurgiu, Arge\u015f, D\u00e2mbovi\u0163a, Bra\u015fov, Covasna \u015fi Prahova.<\/strong><\/p>\n<p style=\"text-align: justify;\">Vor fi mai ales averse \u015fi se vor cumula cantit\u0103\u0163i de ap\u0103 ce vor dep\u0103\u015fi local 20- 25 litri pe metrul p\u0103trat \u015fi izolat 40 de litri pe metrul p\u0103trat, se arat\u0103 \u00een avertizarea ANM.<\/p>\n<p style=\"text-align: justify;\">Potrivit site-urilor de specialitate, ast\u0103zi, maxima nu va trece de 16 grade. \u015ei s\u00e2mb\u0103t\u0103 sunt a\u015fteptate ploi la Giurgiu, iar vremea se pare c\u0103 se va \u00eendrepta duminic\u0103, atunci c\u00e2nd la pr\u00e2nz s-ar putea \u00eenregistra chiar 25 de grade.<\/p>\n<p style=\"text-align: justify;\">S\u00e2mb\u0103t\u0103, la Giurgiu, maxima nu va dep\u0103\u015fi 18 grade Celsius.<\/p>\n","protected":false},"excerpt":{"rendered":"<p>Din aceast\u0103 diminea\u0163\u0103 \u015fi p\u00e2n\u0103 la ora 16.00, Giurgiu al\u0103turi de Capital\u0103 \u015fi alte \u015fapte jude\u0163e se afl\u0103 sub avertizare meteo de ploi \u00eensemnate cantitativ \u015fi intensific\u0103ri ale v\u00e2ntului.<\/p>\n","protected":false},"author":1,"featured_media":40945,"comment_status":"open","ping_status":"open","sticky":false,"template":"","format":"standard","meta":{"slim_seo":{"title":"Suntem \u00eenc\u0103 sub Cod Galben de ploi. C\u00e2nd sc\u0103p\u0103m de vremea rea? - GIURGIU NET","description":"Din aceast\u0103 diminea\u0163\u0103 \u015fi p\u00e2n\u0103 la ora 16.00, Giurgiu al\u0103turi de Capital\u0103 \u015fi alte \u015fapte jude\u0163e se afl\u0103 sub avertizare meteo de ploi \u00eensemnate cantitativ \u015fi intens"},"footnotes":""},"categories":[26,28],"tags":[2016,2790],"class_list":["post-40944","post","type-post","status-publish","format-standard","has-post-thumbnail","category-soc","category-uo","tag-ploi-abundente","tag-vremea-giurgiu"],"_links":{"self":[{"href":"https:\/\/giurgiu-net.ro\/index.php\/wp-json\/wp\/v2\/posts\/40944","targetHints":{"allow":["GET"]}}],"collection":[{"href":"https:\/\/giurgiu-net.ro\/index.php\/wp-json\/wp\/v2\/posts"}],"about":[{"href":"https:\/\/giurgiu-net.ro\/index.php\/wp-json\/wp\/v2\/types\/post"}],"author":[{"embeddable":true,"href":"https:\/\/giurgiu-net.ro\/index.php\/wp-json\/wp\/v2\/users\/1"}],"replies":[{"embeddable":true,"href":"https:\/\/giurgiu-net.ro\/index.php\/wp-json\/wp\/v2\/comments?post=40944"}],"version-history":[{"count":0,"href":"https:\/\/giurgiu-net.ro\/index.php\/wp-json\/wp\/v2\/posts\/40944\/revisions"}],"wp:attachment":[{"href":"https:\/\/giurgiu-net.ro\/index.php\/wp-json\/wp\/v2\/media?parent=40944"}],"wp:term":[{"taxonomy":"category","embeddable":true,"href":"https:\/\/giurgiu-net.ro\/index.php\/wp-json\/wp\/v2\/categories?post=40944"},{"taxonomy":"post_tag","embeddable":true,"href":"https:\/\/giurgiu-net.ro\/index.php\/wp-json\/wp\/v2\/tags?post=40944"}],"curies":[{"name":"wp","href":"https:\/\/api.w.org\/{rel}","templated":true}]}}