{"id":40931,"date":"2015-09-10T09:35:44","date_gmt":"2015-09-10T06:35:44","guid":{"rendered":"http:\/\/giurgiu-net.ro\/?p=40931"},"modified":"2015-09-10T09:35:44","modified_gmt":"2015-09-10T06:35:44","slug":"special-angajatorii-care-promoveaza-femeile-din-mediul-academic-si-stiintific-vor-fi-premiati","status":"publish","type":"post","link":"https:\/\/giurgiu-net.ro\/index.php\/2015\/09\/10\/special-angajatorii-care-promoveaza-femeile-din-mediul-academic-si-stiintific-vor-fi-premiati\/","title":{"rendered":"SPECIAL: Angajatorii care promoveaz\u0103 femeile din mediul academic \u0219i \u0219tiin\u021bific vor fi premia\u021bi"},"content":{"rendered":"<p>Aceasta, ca urmare a amendamentului propus de Viorica D\u0103ncil\u0103 \u0219i adoptat de Parlamentul European.<!--more--><\/p>\n<p><strong>Femeile care activeaz\u0103 \u00een mediul academic \u0219i \u0219tiin\u021bific<\/strong> vor primi un sprijin \u00een dezvoltarea carierei din partea Parlamentului European: legislativul european a adoptat azi propunerea\u00a0eurodeputatei PSD Viorica D\u0103ncil\u0103 potrivit c\u0103reia angajatorii ce promoveaz\u0103 femeile din domeniile men\u021bionate mai sus vor fi recompensa\u021bi.<\/p>\n<p><em>\u201d<strong>Am propus acest amendament<\/strong> pentru a \u00eencuraja angajatorii s\u0103 sus\u021bin\u0103 activ\u00a0dezvoltarea carierelor femeilor din mediul academic \u015fi \u0219tiin\u021bific, o categorie profesional\u0103 foarte valoroas\u0103, dar mai pu\u021bin sprijinit\u0103 prin programe europene. Genul nu este sub nicio form\u0103 un criteriu al competen\u021bei \u00een activitatea academic\u0103 sau \u0219tiin\u021bific\u0103, dar din p\u0103cate, adesea, reprezint\u0103 un criteriu al reu\u0219itei, ceea ce este profund incorect. <\/em><\/p>\n<p><em>De aceea cred c\u0103 <strong>femeile bine preg\u0103tite \u0219i performante<\/strong> din aceste domenii merit\u0103 aten\u021bia noastr\u0103 special\u0103 \u0219i \u00eencurajarea Parlamentului European s\u0103-\u0219i dovedeasc\u0103 abilit\u0103\u021bile. Sper ca acest premiu s\u0103 fie un imbold pentru angajatori \u0219i, \u00een special, pentru autorit\u0103\u021bile publice de a recunoa\u0219te performan\u021ba dincolo de gen\u201d<\/em>, sus\u021bine Viorica D\u0103ncil\u0103,\u00a0membru al Comisiei pentru drepturile femeii \u0219i egalitatea de gen (FEMM).<\/p>\n<p><strong>Raportul referitor la carierele femeilor din mediul \u0219tiin\u021bific \u0219i universitar<\/strong> reitereaz\u0103 faptul c\u0103 egalitatea de gen este unul dintre principiile fundamentale pe care se \u00eentemeiaz\u0103 UE \u015fi atrage aten\u021bia c\u0103 trebuie eliminate toate formele de discriminare direct\u0103 sau indirect\u0103 a femeilor ce activeaz\u0103 \u00een aceste domenii.<\/p>\n<p>Astfel,\u00a0Viorica D\u0103ncil\u0103, lider al europarlamentarilor PSD, a propus<em> \u201eca Parlamentul s\u0103 instituie premiul &lt;&lt;Femeile \u0219i \u0219tiin\u021ba \u00een Europa&gt;&gt;, care ar putea fi acordat angajatorilor (\u00eentreprinderi, institu\u021bii \u0219i autorit\u0103\u021bi) ce promoveaz\u0103 \u00een mod exemplar femeile din mediul academic \u015fi \u0219tiin\u021bific, sprijin\u0103 femeile care ocup\u0103 posturi de conducere \u0219i aplic\u0103 remunerarea egal\u0103\u201d<\/em>.<\/p>\n<p>Liderul eurodeputa\u021bilor PSD a stabilit pozi\u021bia\u00a0Grupului S&amp;D privind ini\u021biativa legislativ\u0103 referitoare la carierele femeilor \u00een mediul \u0219tiin\u021bific \u0219i universitar, iar raportul s\u0103u a fost adoptat miercuri\u00a0\u00een plenul Parlamentului European reunit la Strasbourg.<\/p>\n<p>&nbsp;<\/p>\n","protected":false},"excerpt":{"rendered":"<p>Aceasta, ca urmare a amendamentului propus de Viorica D\u0103ncil\u0103 \u0219i adoptat de Parlamentul European.<\/p>\n","protected":false},"author":1,"featured_media":40932,"comment_status":"open","ping_status":"open","sticky":false,"template":"","format":"standard","meta":{"slim_seo":{"title":"SPECIAL: Angajatorii care promoveaz\u0103 femeile din mediul academic \u0219i \u0219tiin\u021bific vor fi premia\u021bi - GIURGIU NET","description":"Aceasta, ca urmare a amendamentului propus de Viorica D\u0103ncil\u0103 \u0219i adoptat de Parlamentul European. Femeile care activeaz\u0103 \u00een mediul academic \u0219i \u0219tiin\u021bific vor pr"},"footnotes":""},"categories":[18,22,25,26],"tags":[1023,1098,1926,2761],"class_list":["post-40931","post","type-post","status-publish","format-standard","has-post-thumbnail","category-actual","category-nt","category-pol","category-soc","tag-egalitatea-de-sanse","tag-femei-promovate","tag-parlamentul-european","tag-viorica-dancila"],"_links":{"self":[{"href":"https:\/\/giurgiu-net.ro\/index.php\/wp-json\/wp\/v2\/posts\/40931","targetHints":{"allow":["GET"]}}],"collection":[{"href":"https:\/\/giurgiu-net.ro\/index.php\/wp-json\/wp\/v2\/posts"}],"about":[{"href":"https:\/\/giurgiu-net.ro\/index.php\/wp-json\/wp\/v2\/types\/post"}],"author":[{"embeddable":true,"href":"https:\/\/giurgiu-net.ro\/index.php\/wp-json\/wp\/v2\/users\/1"}],"replies":[{"embeddable":true,"href":"https:\/\/giurgiu-net.ro\/index.php\/wp-json\/wp\/v2\/comments?post=40931"}],"version-history":[{"count":0,"href":"https:\/\/giurgiu-net.ro\/index.php\/wp-json\/wp\/v2\/posts\/40931\/revisions"}],"wp:attachment":[{"href":"https:\/\/giurgiu-net.ro\/index.php\/wp-json\/wp\/v2\/media?parent=40931"}],"wp:term":[{"taxonomy":"category","embeddable":true,"href":"https:\/\/giurgiu-net.ro\/index.php\/wp-json\/wp\/v2\/categories?post=40931"},{"taxonomy":"post_tag","embeddable":true,"href":"https:\/\/giurgiu-net.ro\/index.php\/wp-json\/wp\/v2\/tags?post=40931"}],"curies":[{"name":"wp","href":"https:\/\/api.w.org\/{rel}","templated":true}]}}