{"id":40924,"date":"2015-09-10T11:43:06","date_gmt":"2015-09-10T08:43:06","guid":{"rendered":"http:\/\/giurgiu-net.ro\/?p=40924"},"modified":"2015-09-10T11:43:06","modified_gmt":"2015-09-10T08:43:06","slug":"victor-ponta-alimentele-s-au-ieftinit-si-in-august-cu-7","status":"publish","type":"post","link":"https:\/\/giurgiu-net.ro\/index.php\/2015\/09\/10\/victor-ponta-alimentele-s-au-ieftinit-si-in-august-cu-7\/","title":{"rendered":"Victor Ponta: Alimentele s-au ieftinit \u0219i \u00een august cu 7%"},"content":{"rendered":"<p>A postat recent pe pagina sa de Facebook primul-ministru al Rom\u00e2niei.<!--more--><\/p>\n<p>El a continuat cu faptul c\u0103 <em>\u201einfla\u021bia nu a mai luat niciun leu din buzunarul oamenilor! Iat\u0103 c\u0103 m\u0103surile economice luate au \u0219i efecte sociale benefice! (sigur, \u0219tiu, Madam Gorghiu \u00eemi va cere demisia ca s\u0103 vin\u0103 ea s\u0103 le scumpeasc\u0103 la loc!<\/em>)\u201d.<\/p>\n<p>De asemenea, primul-ministru a ata\u015fat \u015fi un link c\u0103tre un articol ap\u0103rut ast\u0103zi, \u00een Evenimentul Zilei cu privire la aceast\u0103 tem\u0103. \u00cel pute\u0163i citi<a href=\"https:\/\/www.zf.ro\/zf-news\/inflatia-anuala-a-coborat-la-1-9-dupa-ce-alimentele-s-au-ieftinit-cu-7-in-august-14707206\" target=\"_blank\" rel=\"noopener\"> AICI.<\/a><\/p>\n","protected":false},"excerpt":{"rendered":"<p>A postat recent pe pagina sa de Facebook primul-ministru al Rom\u00e2niei.<\/p>\n","protected":false},"author":1,"featured_media":35748,"comment_status":"open","ping_status":"open","sticky":false,"template":"","format":"standard","meta":{"slim_seo":{"title":"Victor Ponta: Alimentele s-au ieftinit \u0219i \u00een august cu 7% - GIURGIU NET","description":"A postat recent pe pagina sa de Facebook primul-ministru al Rom\u00e2niei. El a continuat cu faptul c\u0103 \u201einfla\u021bia nu a mai luat niciun leu din buzunarul oamenilor! Ia"},"footnotes":""},"categories":[18,22,26],"tags":[177,1279,2139,2250,2682,2747],"class_list":["post-40924","post","type-post","status-publish","format-standard","has-post-thumbnail","category-actual","category-nt","category-soc","tag-alimente","tag-guvern-ponta","tag-preturi","tag-psd","tag-tva-scazut","tag-victor-ponta"],"_links":{"self":[{"href":"https:\/\/giurgiu-net.ro\/index.php\/wp-json\/wp\/v2\/posts\/40924","targetHints":{"allow":["GET"]}}],"collection":[{"href":"https:\/\/giurgiu-net.ro\/index.php\/wp-json\/wp\/v2\/posts"}],"about":[{"href":"https:\/\/giurgiu-net.ro\/index.php\/wp-json\/wp\/v2\/types\/post"}],"author":[{"embeddable":true,"href":"https:\/\/giurgiu-net.ro\/index.php\/wp-json\/wp\/v2\/users\/1"}],"replies":[{"embeddable":true,"href":"https:\/\/giurgiu-net.ro\/index.php\/wp-json\/wp\/v2\/comments?post=40924"}],"version-history":[{"count":0,"href":"https:\/\/giurgiu-net.ro\/index.php\/wp-json\/wp\/v2\/posts\/40924\/revisions"}],"wp:featuredmedia":[{"embeddable":true,"href":"https:\/\/giurgiu-net.ro\/index.php\/wp-json\/wp\/v2\/media\/35748"}],"wp:attachment":[{"href":"https:\/\/giurgiu-net.ro\/index.php\/wp-json\/wp\/v2\/media?parent=40924"}],"wp:term":[{"taxonomy":"category","embeddable":true,"href":"https:\/\/giurgiu-net.ro\/index.php\/wp-json\/wp\/v2\/categories?post=40924"},{"taxonomy":"post_tag","embeddable":true,"href":"https:\/\/giurgiu-net.ro\/index.php\/wp-json\/wp\/v2\/tags?post=40924"}],"curies":[{"name":"wp","href":"https:\/\/api.w.org\/{rel}","templated":true}]}}