{"id":40875,"date":"2015-09-07T10:34:42","date_gmt":"2015-09-07T07:34:42","guid":{"rendered":"http:\/\/giurgiu-net.ro\/?p=40875"},"modified":"2015-09-07T10:34:42","modified_gmt":"2015-09-07T07:34:42","slug":"baiatul-din-zadariciu-a-fost-gasit","status":"publish","type":"post","link":"https:\/\/giurgiu-net.ro\/index.php\/2015\/09\/07\/baiatul-din-zadariciu-a-fost-gasit\/","title":{"rendered":"B\u0103iatul din Z\u0103d\u0103riciu a fost g\u0103sit"},"content":{"rendered":"<p>T\u00e2n\u0103rul, \u00een v\u00e2rst\u0103 de 14 ani, a disp\u0103rut miercuri, 2 septembrie, de la domiciliul s\u0103u din comuna V\u00e2n\u0103torii Mici. <!--more-->Poli\u0163i\u015ftii giurgiuveni l-au g\u0103sit duminic\u0103, 6 septembrie, \u00een jurul orei 19.00, \u00een aproprierea Autostr\u0103zii A1 Bucure\u015fti Pite\u015fti, la un centru de colectare fier vechi.<\/p>\n<p>\u201c\u00cen urma verific\u0103rilor efectuate a rezultat c\u0103 minorul nu a fost victima nici unei infrac\u0163iuni. Minorul a fost \u00eencredin\u0163at de poli\u0163i\u015fti membrilor familiei\u201d, este anun\u0163at \u00eentr-un comunicat de pres\u0103 al celor de la Poli\u0163ia Giurgiu.<\/p>\n<p>&nbsp;<\/p>\n","protected":false},"excerpt":{"rendered":"<p>T\u00e2n\u0103rul, \u00een v\u00e2rst\u0103 de 14 ani, a disp\u0103rut miercuri, 2 septembrie, de la domiciliul s\u0103u din comuna V\u00e2n\u0103torii Mici.<\/p>\n","protected":false},"author":1,"featured_media":40849,"comment_status":"open","ping_status":"open","sticky":false,"template":"","format":"standard","meta":{"slim_seo":{"title":"B\u0103iatul din Z\u0103d\u0103riciu a fost g\u0103sit - GIURGIU NET","description":"T\u00e2n\u0103rul, \u00een v\u00e2rst\u0103 de 14 ani, a disp\u0103rut miercuri, 2 septembrie, de la domiciliul s\u0103u din comuna V\u00e2n\u0103torii Mici. Poli\u0163i\u015ftii giurgiuveni l-au g\u0103sit duminic\u0103, 6 s"},"footnotes":""},"categories":[18,26,28],"tags":[318,2055],"class_list":{"0":"post-40875","1":"post","2":"type-post","3":"status-publish","4":"format-standard","5":"has-post-thumbnail","7":"category-actual","8":"category-soc","9":"category-uo","10":"tag-baiat-disparut","11":"tag-politia-giurgiu"},"_links":{"self":[{"href":"https:\/\/giurgiu-net.ro\/index.php\/wp-json\/wp\/v2\/posts\/40875","targetHints":{"allow":["GET"]}}],"collection":[{"href":"https:\/\/giurgiu-net.ro\/index.php\/wp-json\/wp\/v2\/posts"}],"about":[{"href":"https:\/\/giurgiu-net.ro\/index.php\/wp-json\/wp\/v2\/types\/post"}],"author":[{"embeddable":true,"href":"https:\/\/giurgiu-net.ro\/index.php\/wp-json\/wp\/v2\/users\/1"}],"replies":[{"embeddable":true,"href":"https:\/\/giurgiu-net.ro\/index.php\/wp-json\/wp\/v2\/comments?post=40875"}],"version-history":[{"count":0,"href":"https:\/\/giurgiu-net.ro\/index.php\/wp-json\/wp\/v2\/posts\/40875\/revisions"}],"wp:featuredmedia":[{"embeddable":true,"href":"https:\/\/giurgiu-net.ro\/index.php\/wp-json\/"}],"wp:attachment":[{"href":"https:\/\/giurgiu-net.ro\/index.php\/wp-json\/wp\/v2\/media?parent=40875"}],"wp:term":[{"taxonomy":"category","embeddable":true,"href":"https:\/\/giurgiu-net.ro\/index.php\/wp-json\/wp\/v2\/categories?post=40875"},{"taxonomy":"post_tag","embeddable":true,"href":"https:\/\/giurgiu-net.ro\/index.php\/wp-json\/wp\/v2\/tags?post=40875"}],"curies":[{"name":"wp","href":"https:\/\/api.w.org\/{rel}","templated":true}]}}