{"id":40855,"date":"2015-09-06T15:22:41","date_gmt":"2015-09-06T12:22:41","guid":{"rendered":"http:\/\/giurgiu-net.ro\/?p=40855"},"modified":"2015-09-06T15:22:41","modified_gmt":"2015-09-06T12:22:41","slug":"liberali-voi-chiar-va-plictisiti-nu-sau-gorghiu-da-ti-demisia","status":"publish","type":"post","link":"https:\/\/giurgiu-net.ro\/index.php\/2015\/09\/06\/liberali-voi-chiar-va-plictisiti-nu-sau-gorghiu-da-ti-demisia\/","title":{"rendered":"Liberali, voi chiar v\u0103 plictisi\u0163i, nu? Sau&#8230; Gorghiu \u201eD\u0103-\u0163i demisia!\u201d"},"content":{"rendered":"<p><a href=\"https:\/\/giurgiu-net.ro\/archives\/39298\" target=\"_blank\" rel=\"noopener\">Am mai scris<\/a> despre- \u00een opinia mea- jenanta atitudine a copre\u015fedintelui PNL Alina Gorghiu. Aceea de a nu face ceva concret, ci doar de a cirrripi \u015fi de a cere demisii \u00een st\u00e2nga. Doar \u00een st\u00e2nga, normal.<!--more--><\/p>\n<p>I s-a pus pata pe premier, dar a exagerat, de-a-nceput el s\u0103 fac\u0103 mi\u015fto pe tema asta. <em>\u201eMessi nu m-a b\u0103gat \u00een seam\u0103, o s\u0103-mi ceara doamna Gorghiu demisia!\u201d<\/em>, <em>\u201eAvem \u00eencas\u0103ri suplimentare la buget, o s\u0103-mi cear\u0103 doamna Gorghiu demisia!\u201d<\/em> \u015f.a.m.d. O s\u0103 ajung\u0103 doamna Gorghiu s\u0103-i cear\u0103 demisia \u015fi dac\u0103 nu-i st\u0103 cravata dreapt\u0103 ori dac\u0103 are vreun fir de praf pe lentilele ochelarilor. Ce spun eu? \u00cemi \u015fi imaginez&#8230; Ponta, d\u00e2nd interviu jurnali\u015ftilor centrali. \u2013Gata? \u2013Gata, spun jurnali\u015ftii. Premierul trage aer \u00een piept \u015fi&#8230; nici n-apuc\u0103 s\u0103 rosteasc\u0103 dec\u00e2t un A mare de tipar, c\u0103 apare \u00een spatele lui doamna Gorghiu, cu dreapta spre st\u00e2nga, url\u00e2ndu-i \u00een ureche: <em>-Greee\u015fit! D\u0103-\u0163i demisiaaaaa!<\/em><\/p>\n<p>M\u0103 \u00eentreb, oare liberalii, \u00een sedii, or avea ceas cu Gorghiu? Da, d-\u0103la. La ore fixe, o ie\u015fi un cap de Alinu\u0163a care strig\u0103, pi\u0163ig\u0103iat \u015fi cirrripitor, scurt, dar pentru reamintirea scopului suprem al partidului- Guvernarea, \u00eenainte de alegeri: \u201e<em>D\u0103-\u0163i demisa! D\u0103-\u0163i demisia! D\u0103-\u0163i demisia\u201d\u00a0<\/em><strong>?<\/strong><\/p>\n<p>Aoleu, or avea \u015fi cei de la Giurgiu un asemenea ceas iar domnii Must\u0103\u0163ea, Popazu \u015fi Simion au \u00een\u0163eles gre\u015fit mesajul&#8230;<\/p>\n<p>A\u015fa, c\u0103 voiam s\u0103 spun altceva, iese, azi, evident, prima, Gorghiu \u015fi-i cere demisia lui Sorin Oprescu. Eeee, dar nu doar at\u00e2t. C\u0103 dac\u0103 era doar at\u00e2t nici nu m\u0103 oboseam s\u0103 citesc mai departe. \u00cens\u0103, subliniaz\u0103 dumneaei : <strong><em>\u201eSolu\u0163ia pe viitor este o administra\u0163ie PNL. O administra\u0163ie nou\u0103, integr\u0103, liberal\u0103!\u201d<\/em><\/strong>. \u2018Ai, nu m\u0103-nnebuni! Nuuuu! Jur\u0103-te!<\/p>\n<p>Jur\u0103-te c\u0103 integri au fost \u015fi urm\u0103torii <strong>primari liberali<\/strong> aresta\u0163i, cerceta\u0163i, judeca\u0163i(\u015fi asta doar la o prim\u0103 c\u0103utare pe google): <strong>Florin Pavel(T\u00e2rgu-Jiu)<\/strong>&#8211; arestat- conflict de interese, <strong>Andrei Chiliman- Bucure\u015fti<\/strong>(constituire grup infrac\u0163ional), <strong>Constantin Hogea-Tulcea<\/strong>&#8211; luare de mit\u0103, <strong>Cristian Anghel- Baia Mare<\/strong>&#8211; mai multe fapte de corup\u0163ie, <strong>Petre Popescu-V\u00e2lcea<\/strong>&#8211; fapte de corup\u0163ie, <strong>Emilian Fr\u00e2ncu- R\u00e2mnicu V\u00e2lcea<\/strong>&#8211; luare de mit\u0103, <strong>Gheorghe B\u0103z\u0103van- Dol<\/strong>j- luare de mit\u0103, <strong>Cornel Andrei- C\u00e2rna<\/strong>&#8211; abuz \u00een serviciu, instigare la fals intelectual \u015fi uz de fals, <strong>Romeo Stavarache- Bac\u0103u<\/strong>&#8211; luare de mit\u0103&#8230; Era s\u0103 amintesc de cercet\u0103rile f\u0103cute \u00een cazul lui <strong>Lucian Iliescu<\/strong>&#8211; conflict de interese, abuz \u00een serviciu, \u00een form\u0103 continuat\u0103,\u00a0instigare la folosirea influen\u021bei- dar am uitat c\u0103 s-a transferat, de foarte cur\u00e2nd, la alt partid, nu s-o pune&#8230;<\/p>\n<p>S\u0103 mai continui? Cred c\u0103 e suficient. <strong>D\u0103-\u0163i demisia!<\/strong><\/p>\n<p><em>\u00a0C\u0103t\u0103lina Sfetcu<\/em><\/p>\n","protected":false},"excerpt":{"rendered":"<p>Am mai scris despre- \u00een opinia mea- jenanta atitudine a copre\u015fedintelui PNL Alina Gorghiu. Aceea de a nu face ceva concret, ci doar de a cirrripi \u015fi de a cere demisii \u00een st\u00e2nga. Doar \u00een st\u00e2nga, normal.<\/p>\n","protected":false},"author":1,"featured_media":40857,"comment_status":"open","ping_status":"open","sticky":false,"template":"","format":"standard","meta":{"slim_seo":{"title":"Liberali, voi chiar v\u0103 plictisi\u0163i, nu? Sau... Gorghiu \u201eD\u0103-\u0163i demisia!\u201d - GIURGIU NET","description":"Am mai scris despre- \u00een opinia mea- jenanta atitudine a copre\u015fedintelui PNL Alina Gorghiu. Aceea de a nu face ceva concret, ci doar de a cirrripi \u015fi de a cere d"},"footnotes":""},"categories":[18,20,23,25],"tags":[184,2025,2154,2747],"class_list":{"0":"post-40855","1":"post","2":"type-post","3":"status-publish","4":"format-standard","5":"has-post-thumbnail","7":"category-actual","8":"category-edit","9":"category-pam","10":"category-pol","11":"tag-alina-gorghiu","12":"tag-pnl","13":"tag-primari-liberali-penali","14":"tag-victor-ponta"},"_links":{"self":[{"href":"https:\/\/giurgiu-net.ro\/index.php\/wp-json\/wp\/v2\/posts\/40855","targetHints":{"allow":["GET"]}}],"collection":[{"href":"https:\/\/giurgiu-net.ro\/index.php\/wp-json\/wp\/v2\/posts"}],"about":[{"href":"https:\/\/giurgiu-net.ro\/index.php\/wp-json\/wp\/v2\/types\/post"}],"author":[{"embeddable":true,"href":"https:\/\/giurgiu-net.ro\/index.php\/wp-json\/wp\/v2\/users\/1"}],"replies":[{"embeddable":true,"href":"https:\/\/giurgiu-net.ro\/index.php\/wp-json\/wp\/v2\/comments?post=40855"}],"version-history":[{"count":0,"href":"https:\/\/giurgiu-net.ro\/index.php\/wp-json\/wp\/v2\/posts\/40855\/revisions"}],"wp:featuredmedia":[{"embeddable":true,"href":"https:\/\/giurgiu-net.ro\/index.php\/wp-json\/"}],"wp:attachment":[{"href":"https:\/\/giurgiu-net.ro\/index.php\/wp-json\/wp\/v2\/media?parent=40855"}],"wp:term":[{"taxonomy":"category","embeddable":true,"href":"https:\/\/giurgiu-net.ro\/index.php\/wp-json\/wp\/v2\/categories?post=40855"},{"taxonomy":"post_tag","embeddable":true,"href":"https:\/\/giurgiu-net.ro\/index.php\/wp-json\/wp\/v2\/tags?post=40855"}],"curies":[{"name":"wp","href":"https:\/\/api.w.org\/{rel}","templated":true}]}}