{"id":40852,"date":"2015-09-06T14:34:59","date_gmt":"2015-09-06T11:34:59","guid":{"rendered":"http:\/\/giurgiu-net.ro\/?p=40852"},"modified":"2015-09-06T14:34:59","modified_gmt":"2015-09-06T11:34:59","slug":"giurgiu-avertizare-cod-galben-de-vant-puternic","status":"publish","type":"post","link":"https:\/\/giurgiu-net.ro\/index.php\/2015\/09\/06\/giurgiu-avertizare-cod-galben-de-vant-puternic\/","title":{"rendered":"GIURGIU: Avertizare cod galben de v\u00e2nt puternic"},"content":{"rendered":"<p>Dup\u0103 codul portocaliu de canicul\u0103 ce a fost valabil pentru s\u00e2mb\u0103t\u0103, 5 septembrie, iat\u0103 c\u0103 ziua de azi este caracterizat\u0103 de instabilitate atmosferic\u0103.<!--more--><\/p>\n<p>Meteorologii au anun\u0163at, \u00een urm\u0103 cu c\u00e2teva momente,\u00a0c\u0103, p\u00e2n\u0103 la ora 18.00, sunt a\u015fteptate \u015fi \u00een jude\u0163ul nostru intensific\u0103ri ale v\u00e2ntului ce la rafal\u0103 pot atinge chiar 60 de kilometri la or\u0103.<\/p>\n<p>De asemenea, potrivit site-urilor de specialitate, maxima nu va mai trece, ast\u0103zi, de 29 de grade Celsius. \u00a0Se pare, totodat\u0103, c\u0103 temperaturile vor continua s\u0103 scad\u0103, \u00eentreaga s\u0103pt\u0103m\u00e2n\u0103, astfel c\u0103 ar putea s\u0103 nu mai dep\u0103\u015feasc\u0103 25-27 de grade.<\/p>\n<p>&nbsp;<\/p>\n","protected":false},"excerpt":{"rendered":"<p>Dup\u0103 codul portocaliu de canicul\u0103 ce a fost valabil pentru s\u00e2mb\u0103t\u0103, 5 septembrie, iat\u0103 c\u0103 ziua de azi este caracterizat\u0103 de instabilitate atmosferic\u0103.<\/p>\n","protected":false},"author":1,"featured_media":40853,"comment_status":"open","ping_status":"open","sticky":false,"template":"","format":"standard","meta":{"slim_seo":{"title":"GIURGIU: Avertizare cod galben de v\u00e2nt puternic - GIURGIU NET","description":"Dup\u0103 codul portocaliu de canicul\u0103 ce a fost valabil pentru s\u00e2mb\u0103t\u0103, 5 septembrie, iat\u0103 c\u0103 ziua de azi este caracterizat\u0103 de instabilitate atmosferic\u0103. Meteorolo"},"footnotes":""},"categories":[26,28],"tags":[643,1696,2721,2789],"class_list":{"0":"post-40852","1":"post","2":"type-post","3":"status-publish","4":"format-standard","5":"has-post-thumbnail","7":"category-soc","8":"category-uo","9":"tag-cod-galben","10":"tag-meteorologi","11":"tag-vant-puternic","12":"tag-vremea"},"_links":{"self":[{"href":"https:\/\/giurgiu-net.ro\/index.php\/wp-json\/wp\/v2\/posts\/40852","targetHints":{"allow":["GET"]}}],"collection":[{"href":"https:\/\/giurgiu-net.ro\/index.php\/wp-json\/wp\/v2\/posts"}],"about":[{"href":"https:\/\/giurgiu-net.ro\/index.php\/wp-json\/wp\/v2\/types\/post"}],"author":[{"embeddable":true,"href":"https:\/\/giurgiu-net.ro\/index.php\/wp-json\/wp\/v2\/users\/1"}],"replies":[{"embeddable":true,"href":"https:\/\/giurgiu-net.ro\/index.php\/wp-json\/wp\/v2\/comments?post=40852"}],"version-history":[{"count":0,"href":"https:\/\/giurgiu-net.ro\/index.php\/wp-json\/wp\/v2\/posts\/40852\/revisions"}],"wp:featuredmedia":[{"embeddable":true,"href":"https:\/\/giurgiu-net.ro\/index.php\/wp-json\/"}],"wp:attachment":[{"href":"https:\/\/giurgiu-net.ro\/index.php\/wp-json\/wp\/v2\/media?parent=40852"}],"wp:term":[{"taxonomy":"category","embeddable":true,"href":"https:\/\/giurgiu-net.ro\/index.php\/wp-json\/wp\/v2\/categories?post=40852"},{"taxonomy":"post_tag","embeddable":true,"href":"https:\/\/giurgiu-net.ro\/index.php\/wp-json\/wp\/v2\/tags?post=40852"}],"curies":[{"name":"wp","href":"https:\/\/api.w.org\/{rel}","templated":true}]}}