{"id":40665,"date":"2015-08-28T11:30:14","date_gmt":"2015-08-28T08:30:14","guid":{"rendered":"http:\/\/giurgiu-net.ro\/?p=40665"},"modified":"2015-08-28T11:30:14","modified_gmt":"2015-08-28T08:30:14","slug":"fost-director-de-scoala-din-calugareni-cercetat-pentru-delapidare","status":"publish","type":"post","link":"https:\/\/giurgiu-net.ro\/index.php\/2015\/08\/28\/fost-director-de-scoala-din-calugareni-cercetat-pentru-delapidare\/","title":{"rendered":"Fost director de \u015fcoal\u0103 din C\u0103lug\u0103reni, cercetat pentru delapidare"},"content":{"rendered":"<p>Un b\u0103rbat, \u00een v\u00e2rst\u0103 de 62 de ani, din comuna C\u0103lug\u0103reni, este acuzat c\u0103 ar fi creat un prejudiciu de 180.000 de lei \u015fcolii pe care o p\u0103storea.<!--more--><\/p>\n<p>Poli\u0163i\u015ftii giurgiuveni au anun\u0163at, vineri, 28 august, printr-un comunicat c\u0103, b\u0103rbatul \u201e\u00een calitate de director al unei unit\u0103\u0163i de \u00eenv\u0103\u0163\u0103m\u00e2nt de pe raza jude\u0163ului Giurgiu, \u00een perioada 2010 \u2013 2011, de\u0219i avea atribu\u021bii de control \u0219i verificare a activit\u0103\u021bii de inventariere, <strong>a semnat f\u0103r\u0103 a verifica listele \u00eentocmite cu ocazia inventarierii de membrii comisiei <\/strong>constituit\u0103 la nivelul unit\u0103\u0163ii, <strong>constat\u00e2ndu-se ulterior c\u0103 lipsesc mai multe bunuri achizi\u021bionate prin accesarea unor programe de finan\u021bare \u00een perioada 2005 \u2013 2007<\/strong>\u201d, se arat\u0103 \u00een comunicat.<\/p>\n<p>Pe 26 august, prin Ordonan\u0163a Parchetului de pe l\u00e2ng\u0103 Judec\u0103toria Giurgiu s-a dispus continuarea urm\u0103ririi penale fa\u021b\u0103 de director pentru s\u0103v\u00e2r\u0219irea\u00a0\u00a0 infrac\u0163iunii\u00a0 de delapidare.<\/p>\n<p>&nbsp;<\/p>\n","protected":false},"excerpt":{"rendered":"<p>Un b\u0103rbat, \u00een v\u00e2rst\u0103 de 62 de ani, din comuna C\u0103lug\u0103reni, este acuzat c\u0103 ar fi creat un prejudiciu de 180.000 de lei \u015fcolii pe care o p\u0103storea.<\/p>\n","protected":false},"author":1,"featured_media":40666,"comment_status":"open","ping_status":"open","sticky":false,"template":"","format":"standard","meta":{"slim_seo":{"title":"Fost director de \u015fcoal\u0103 din C\u0103lug\u0103reni, cercetat pentru delapidare - GIURGIU NET","description":"Un b\u0103rbat, \u00een v\u00e2rst\u0103 de 62 de ani, din comuna C\u0103lug\u0103reni, este acuzat c\u0103 ar fi creat un prejudiciu de 180.000 de lei \u015fcolii pe care o p\u0103storea. Poli\u0163i\u015ftii giurg"},"footnotes":""},"categories":[18,19,26,28],"tags":[446,858,1412,2055,2181],"class_list":["post-40665","post","type-post","status-publish","format-standard","has-post-thumbnail","category-actual","category-adm","category-soc","category-uo","tag-calugareni","tag-delapidare","tag-inventar-bunuri","tag-politia-giurgiu","tag-profesor"],"_links":{"self":[{"href":"https:\/\/giurgiu-net.ro\/index.php\/wp-json\/wp\/v2\/posts\/40665","targetHints":{"allow":["GET"]}}],"collection":[{"href":"https:\/\/giurgiu-net.ro\/index.php\/wp-json\/wp\/v2\/posts"}],"about":[{"href":"https:\/\/giurgiu-net.ro\/index.php\/wp-json\/wp\/v2\/types\/post"}],"author":[{"embeddable":true,"href":"https:\/\/giurgiu-net.ro\/index.php\/wp-json\/wp\/v2\/users\/1"}],"replies":[{"embeddable":true,"href":"https:\/\/giurgiu-net.ro\/index.php\/wp-json\/wp\/v2\/comments?post=40665"}],"version-history":[{"count":0,"href":"https:\/\/giurgiu-net.ro\/index.php\/wp-json\/wp\/v2\/posts\/40665\/revisions"}],"wp:attachment":[{"href":"https:\/\/giurgiu-net.ro\/index.php\/wp-json\/wp\/v2\/media?parent=40665"}],"wp:term":[{"taxonomy":"category","embeddable":true,"href":"https:\/\/giurgiu-net.ro\/index.php\/wp-json\/wp\/v2\/categories?post=40665"},{"taxonomy":"post_tag","embeddable":true,"href":"https:\/\/giurgiu-net.ro\/index.php\/wp-json\/wp\/v2\/tags?post=40665"}],"curies":[{"name":"wp","href":"https:\/\/api.w.org\/{rel}","templated":true}]}}