{"id":40638,"date":"2015-08-27T15:14:17","date_gmt":"2015-08-27T12:14:17","guid":{"rendered":"http:\/\/giurgiu-net.ro\/?p=40638"},"modified":"2015-08-27T15:14:17","modified_gmt":"2015-08-27T12:14:17","slug":"alte-peste-7-milioane-de-lei-de-la-bugetul-national-pentru-giurgiu","status":"publish","type":"post","link":"https:\/\/giurgiu-net.ro\/index.php\/2015\/08\/27\/alte-peste-7-milioane-de-lei-de-la-bugetul-national-pentru-giurgiu\/","title":{"rendered":"Alte peste 7 milioane de lei de la bugetul na\u0163ional, pentru Giurgiu"},"content":{"rendered":"<p>Banii ce vor fi trimi\u015fi, s\u0103pt\u0103m\u00e2na viitoare, Consiliului Jude\u0163ean vor fi \u00eemp\u0103r\u0163i\u0163i prim\u0103riilor giurgiuvene \u015fi sunt destina\u0163i investi\u0163iilor \u00een infrastructura rutier\u0103, a anun\u0163at, joi, 27 august, \u00een conferin\u0163\u0103 de pres\u0103, purt\u0103torul de cuv\u00e2nt al PSD Giurgiu, R\u0103zvan Cuc.<!--more--><\/p>\n<p>El a men\u0163ionat c\u0103 inclusiv aceast\u0103 m\u0103sur\u0103- de suplimentare a bugetelor locale cu fonduri na\u0163ionale- este una ce demonstreaz\u0103 cre\u015fterea economic\u0103 a \u0163\u0103rii.<\/p>\n<p><em>&#8222;Guvernul Ponta \u00ee\u015fi \u0163ine promisiunile. Acum, iat\u0103, \u015fi fa\u0163\u0103 de medici \u015fi, nu \u00een ultimul r\u00e2nd, vor fi g\u0103site solu\u0163ii \u015fi pentru dasc\u0103li, odat\u0103 cu Legea salariz\u0103rii. Sper\u0103m ca Legea s\u0103 fie gata \u00een octombrie \u015fi s\u0103 poat\u0103 intra \u00een vigoare din noiembrie. Cred c\u0103 aceast\u0103 cre\u015ftere economic\u0103 \u00ee\u015fi arat\u0103 eficien\u0163a, se poate resim\u0163i \u015fi \u00een buzunarele rom\u00e2nilor, ca s\u0103 nu mai spun\u0103 PNL-PDL c\u0103 nu se resimte. Guvernul \u015fi-a asumat luarea unor m\u0103suri care sunt sustenabile. PSD, a\u015fa cum este \u015ftiut, inten\u0163ioneaz\u0103 s\u0103 mearg\u0103 mai departe \u015fi dup\u0103 alegerile 2016 a\u015fa c\u0103 nu ar risca nimeni s\u0103 pun\u0103 \u00een pericol economia\u201d<\/em>, a precizat R\u0103zvan Cuc.<\/p>\n<p>\u00cen acela\u015fi context, el a f\u0103cut referire \u015fi la ceea ce s-a \u00eent\u00e2mplat cu dezbaterile pe Codul Fiscal.<\/p>\n<p><em>\u201cDoamna Alina Gorghiu nu contene\u015fte s\u0103-I cear\u0103 demisia lui Victor Ponta. \u00cens\u0103, de exemplu, dac\u0103 ne referim la Codul Fiscal, v\u0103 reamintesc faptul c\u0103 PNL a cerut reducerea TVA la 19%. De fapt, asta a fost condi\u0163ia pus\u0103 de ei ca s\u0103 voteze(\u00een Parlament, n.r.), PSD a propus 20%. Este clar c\u0103 liberalii nu f\u0103cuser\u0103 anterior vreo analiz\u0103 iar propunerea a fost, de fapt, un exerci\u0163iu de imagine. Apoi, au adoptat o alt\u0103 optic\u0103 \u015fi au ie\u015fit s\u0103 spun\u0103 c\u0103 m\u0103sura de reducere la 19% nu ar fi sustenabil\u0103\u201d<\/em>, a mai declarat R\u0103zvan Cuc.<\/p>\n<p>El a spus \u015fi c\u0103 PNL-PDL ar trebui s\u0103 \u00eenceteze a acuza Guvernul c\u0103 ia \u201cm\u0103suri populiste\u201d prin majorarea salariilor \u015fi pensiilor. <em>\u201cDac\u0103 a m\u0103ri salariile \u00eenseamn\u0103 c\u0103 e\u015fti populist, c\u00e2nd le reduci drastic e\u015fti cum?\u201d<\/em>, s-a \u00eentrebat, retoric, desigur, Cuc.<\/p>\n<p>C.S.<\/p>\n","protected":false},"excerpt":{"rendered":"<p>Banii ce vor fi trimi\u015fi, s\u0103pt\u0103m\u00e2na viitoare, Consiliului Jude\u0163ean vor fi \u00eemp\u0103r\u0163i\u0163i prim\u0103riilor giurgiuvene \u015fi sunt destina\u0163i investi\u0163iilor \u00een infrastructura rutier\u0103, a anun\u0163at, joi, 27 august, \u00een conferin\u0163\u0103 de pres\u0103, purt\u0103torul de cuv\u00e2nt al PSD Giurgiu, R\u0103zvan Cuc.<\/p>\n","protected":false},"author":1,"featured_media":0,"comment_status":"open","ping_status":"open","sticky":false,"template":"","format":"standard","meta":{"slim_seo":{"title":"Alte peste 7 milioane de lei de la bugetul na\u0163ional, pentru Giurgiu - GIURGIU NET","description":"Banii ce vor fi trimi\u015fi, s\u0103pt\u0103m\u00e2na viitoare, Consiliului Jude\u0163ean vor fi \u00eemp\u0103r\u0163i\u0163i prim\u0103riilor giurgiuvene \u015fi sunt destina\u0163i investi\u0163iilor \u00een infrastructura rut"},"footnotes":""},"categories":[18,19,22,28],"tags":[338,642,709,1292,2250,2290,2374],"class_list":["post-40638","post","type-post","status-publish","format-standard","category-actual","category-adm","category-nt","category-uo","tag-bani-pentru-infrastructura","tag-cod-fiscal","tag-consiliul-judetean","tag-guvernul-ponta","tag-psd","tag-razvan-cuc","tag-salarii-medici"],"_links":{"self":[{"href":"https:\/\/giurgiu-net.ro\/index.php\/wp-json\/wp\/v2\/posts\/40638","targetHints":{"allow":["GET"]}}],"collection":[{"href":"https:\/\/giurgiu-net.ro\/index.php\/wp-json\/wp\/v2\/posts"}],"about":[{"href":"https:\/\/giurgiu-net.ro\/index.php\/wp-json\/wp\/v2\/types\/post"}],"author":[{"embeddable":true,"href":"https:\/\/giurgiu-net.ro\/index.php\/wp-json\/wp\/v2\/users\/1"}],"replies":[{"embeddable":true,"href":"https:\/\/giurgiu-net.ro\/index.php\/wp-json\/wp\/v2\/comments?post=40638"}],"version-history":[{"count":0,"href":"https:\/\/giurgiu-net.ro\/index.php\/wp-json\/wp\/v2\/posts\/40638\/revisions"}],"wp:attachment":[{"href":"https:\/\/giurgiu-net.ro\/index.php\/wp-json\/wp\/v2\/media?parent=40638"}],"wp:term":[{"taxonomy":"category","embeddable":true,"href":"https:\/\/giurgiu-net.ro\/index.php\/wp-json\/wp\/v2\/categories?post=40638"},{"taxonomy":"post_tag","embeddable":true,"href":"https:\/\/giurgiu-net.ro\/index.php\/wp-json\/wp\/v2\/tags?post=40638"}],"curies":[{"name":"wp","href":"https:\/\/api.w.org\/{rel}","templated":true}]}}