{"id":40622,"date":"2015-08-26T12:23:25","date_gmt":"2015-08-26T09:23:25","guid":{"rendered":"http:\/\/giurgiu-net.ro\/?p=40622"},"modified":"2015-08-26T12:23:25","modified_gmt":"2015-08-26T09:23:25","slug":"s-a-decis-salariile-medicilor-vor-fi-majorate-cu-25","status":"publish","type":"post","link":"https:\/\/giurgiu-net.ro\/index.php\/2015\/08\/26\/s-a-decis-salariile-medicilor-vor-fi-majorate-cu-25\/","title":{"rendered":"S-A DECIS: Salariile medicilor vor fi majorate cu 25%"},"content":{"rendered":"<p>UPDATE: Premierul Victor Ponta a cerut, miercuri, \u00een \u015fedin\u0163a de Guvern, solu\u0163ii pentru ca \u015fi salariile asisten\u0163ilor sociali s\u0103 fie majorate cu 25% de la 1 octombrie.<!--more--><\/p>\n<p>El i-a cerut ministrului Muncii, Rovana Plumb, s\u0103 g\u0103seasc\u0103 o modalitate pentru ca acest lucru s\u0103 fie posibil. <strong>\u201cTotu\u015fi, asisten\u0163ii sociali au o activitate la fel de important\u0103 ca \u015fi cei din sistemul sanitar. V\u0103 rog s\u0103 g\u0103si\u0163i o solu\u0163ie ca s\u0103 p\u0103str\u0103m totu\u015fi un echilibru&#8221;,<\/strong>\u00a0i-a spus Victor Ponta Rovanei Plumb.<\/p>\n<p>De asemenea, primul-ministru a precizat c\u0103 majorarea salariilor trebuie s\u0103 &#8222;mearg\u0103 m\u00e2n\u0103 \u00een m\u00e2n\u0103&#8221; cu reformele din sistem \u015fi a f\u0103cut referire \u00een primul r\u00e2nd la cardul de s\u0103n\u0103tate.<\/p>\n<p>El a men\u0163ionat \u015fi faptul c\u0103 trebuie s\u0103 fie g\u0103sit\u0103 o solu\u0163ie \u00een cadrul legii salariz\u0103rii astfel \u00eenc\u00e2t cre\u015fterile din sistemul sanitar s\u0103 mearg\u0103 \u00een acela\u015fi ritm cu cele din educa\u0163ie \u015fi s\u0103 nu apar\u0103 discrepan\u0163e \u00eentre medici \u015fi profesori.<\/p>\n<p>Guvernul a aprobat, miercuri, 26 august, proiectul de Ordonan\u0163\u0103 de Urgen\u0163\u0103 ce prevede majorarea salariilor personalului medical cu 25 de procente.<\/p>\n<p>Premierul Victor Ponta a anun\u0163at \u00een urm\u0103 cu c\u00e2teva momente, \u00een plenul \u015fedin\u0163ei de Guvern, faptul c\u0103 major\u0103rile se vor aplica la salariile actuale iar anul viitor salariile personalului din sistemul medical vor cre\u015fte cu alte 25 de procente<\/p>\n<p><em>\u201cEste nevoie de majorarea salariilor din sistemul medical \u00een paralel cu introducerea reformelor. S\u0103n\u0103tatea \u015fi educa\u0163ia sunt dou\u0103 domenii de importan\u0163\u0103 na\u0163ional\u0103. Vom g\u0103si solu\u0163ii \u00een legea salariz\u0103rii pentru ca cele dou\u0103 domenii s\u0103 mearg\u0103 \u00een acela\u015fi ritm&#8221;<\/em>, a spus Victor Ponta.<\/p>\n","protected":false},"excerpt":{"rendered":"<p>UPDATE: Premierul Victor Ponta a cerut, miercuri, \u00een \u015fedin\u0163a de Guvern, solu\u0163ii pentru ca \u015fi salariile asisten\u0163ilor sociali s\u0103 fie majorate cu 25% de la 1 octombrie.<\/p>\n","protected":false},"author":1,"featured_media":40404,"comment_status":"open","ping_status":"open","sticky":false,"template":"","format":"standard","meta":{"slim_seo":{"title":"S-A DECIS: Salariile medicilor vor fi majorate cu 25% - GIURGIU NET","description":"UPDATE: Premierul Victor Ponta a cerut, miercuri, \u00een \u015fedin\u0163a de Guvern, solu\u0163ii pentru ca \u015fi salariile asisten\u0163ilor sociali s\u0103 fie majorate cu 25% de la 1 octom"},"footnotes":""},"categories":[18,22,26],"tags":[1279,2250,2374,2747],"class_list":["post-40622","post","type-post","status-publish","format-standard","has-post-thumbnail","category-actual","category-nt","category-soc","tag-guvern-ponta","tag-psd","tag-salarii-medici","tag-victor-ponta"],"_links":{"self":[{"href":"https:\/\/giurgiu-net.ro\/index.php\/wp-json\/wp\/v2\/posts\/40622","targetHints":{"allow":["GET"]}}],"collection":[{"href":"https:\/\/giurgiu-net.ro\/index.php\/wp-json\/wp\/v2\/posts"}],"about":[{"href":"https:\/\/giurgiu-net.ro\/index.php\/wp-json\/wp\/v2\/types\/post"}],"author":[{"embeddable":true,"href":"https:\/\/giurgiu-net.ro\/index.php\/wp-json\/wp\/v2\/users\/1"}],"replies":[{"embeddable":true,"href":"https:\/\/giurgiu-net.ro\/index.php\/wp-json\/wp\/v2\/comments?post=40622"}],"version-history":[{"count":0,"href":"https:\/\/giurgiu-net.ro\/index.php\/wp-json\/wp\/v2\/posts\/40622\/revisions"}],"wp:attachment":[{"href":"https:\/\/giurgiu-net.ro\/index.php\/wp-json\/wp\/v2\/media?parent=40622"}],"wp:term":[{"taxonomy":"category","embeddable":true,"href":"https:\/\/giurgiu-net.ro\/index.php\/wp-json\/wp\/v2\/categories?post=40622"},{"taxonomy":"post_tag","embeddable":true,"href":"https:\/\/giurgiu-net.ro\/index.php\/wp-json\/wp\/v2\/tags?post=40622"}],"curies":[{"name":"wp","href":"https:\/\/api.w.org\/{rel}","templated":true}]}}