{"id":40585,"date":"2015-08-24T12:03:13","date_gmt":"2015-08-24T09:03:13","guid":{"rendered":"http:\/\/giurgiu-net.ro\/?p=40585"},"modified":"2015-08-24T12:03:13","modified_gmt":"2015-08-24T09:03:13","slug":"ce-a-patit-cel-care-a-blocat-soseaua-balanoaiei-duminica-2","status":"publish","type":"post","link":"https:\/\/giurgiu-net.ro\/index.php\/2015\/08\/24\/ce-a-patit-cel-care-a-blocat-soseaua-balanoaiei-duminica-2\/","title":{"rendered":"Ce a p\u0103\u0163it cel care a blocat \u015foseaua B\u0103l\u0103noaiei, duminic\u0103?"},"content":{"rendered":"<p>Ieri sear\u0103, poli\u0163itii de la municipiu s-au sesizat cu privire la faptul c\u0103 un b\u0103rbat, \u00een v\u00e2rst\u0103 de 50 de ani, din ora\u015f, a dat o petrecere privat\u0103 chiar pe \u015foseaua B\u0103l\u0103noaiei.<!--more--><\/p>\n<p>Evident, b\u0103rbatul nu avea autoriza\u0163ie pentru a\u015fa ceva. Potrivit reprezentan\u0163ilor Poli\u0163iei Giurgiu, el a ocupat circa 75% din drum, cu o scen\u0103 \u015fi instala\u0163ie de sonorizare.<\/p>\n<p><em>\u201cTotodat\u0103, a fost obstruc\u0163ionat\u0103 circula\u0163ia rutier\u0103 pe sensul de mers c\u0103tre \u015foseaua Ghizdarului, participan\u0163ii la trafic fiind obliga\u0163i s\u0103 circule \u015fi pe trotuar pentru evitarea obstacolelor, exist\u00e2nd pericolul de producere a accidentelor rutiere, \u00eentruc\u00e2t \u00een zon\u0103 nu era amenajat\u0103 semnalizare rutier\u0103\u201d<\/em>, spun cei de la Poli\u0163ie.<\/p>\n<p>Astfel, b\u0103rbatul s-a ales cu dosar pentru pentru infrac\u0163iunea de \u201ca\u015fezare de obstacole care \u00eengreuneaz\u0103 \u015fi \u00eempiedic\u0103 circula\u0163ia pe drumul public \u015fi punerea \u00een pericol a siguran\u0163ei circula\u0163iei \u015fi aduc atingere dreptului la liber\u0103 circula\u0163ie a celorlal\u0163i participan\u0163i la trafic\u201d.<\/p>\n","protected":false},"excerpt":{"rendered":"<p>Ieri sear\u0103, poli\u0163itii de la municipiu s-au sesizat cu privire la faptul c\u0103 un b\u0103rbat, \u00een v\u00e2rst\u0103 de 50 de ani, din ora\u015f, a dat o petrecere privat\u0103 chiar pe \u015foseaua B\u0103l\u0103noaiei.<\/p>\n","protected":false},"author":1,"featured_media":40586,"comment_status":"open","ping_status":"open","sticky":false,"template":"","format":"standard","meta":{"slim_seo":{"title":"Ce a p\u0103\u0163it cel care a blocat \u015foseaua B\u0103l\u0103noaiei, duminic\u0103? - GIURGIU NET","description":"Ieri sear\u0103, poli\u0163itii de la municipiu s-au sesizat cu privire la faptul c\u0103 un b\u0103rbat, \u00een v\u00e2rst\u0103 de 50 de ani, din ora\u015f, a dat o petrecere privat\u0103 chiar pe \u015fosea"},"footnotes":""},"categories":[18,19,26,28],"tags":[982,1857,2520],"class_list":{"0":"post-40585","1":"post","2":"type-post","3":"status-publish","4":"format-standard","5":"has-post-thumbnail","7":"category-actual","8":"category-adm","9":"category-soc","10":"category-uo","11":"tag-drum-blocat","12":"tag-nunta-la-cort-pe-drum","13":"tag-soseaua-balanoaiei"},"_links":{"self":[{"href":"https:\/\/giurgiu-net.ro\/index.php\/wp-json\/wp\/v2\/posts\/40585","targetHints":{"allow":["GET"]}}],"collection":[{"href":"https:\/\/giurgiu-net.ro\/index.php\/wp-json\/wp\/v2\/posts"}],"about":[{"href":"https:\/\/giurgiu-net.ro\/index.php\/wp-json\/wp\/v2\/types\/post"}],"author":[{"embeddable":true,"href":"https:\/\/giurgiu-net.ro\/index.php\/wp-json\/wp\/v2\/users\/1"}],"replies":[{"embeddable":true,"href":"https:\/\/giurgiu-net.ro\/index.php\/wp-json\/wp\/v2\/comments?post=40585"}],"version-history":[{"count":0,"href":"https:\/\/giurgiu-net.ro\/index.php\/wp-json\/wp\/v2\/posts\/40585\/revisions"}],"wp:featuredmedia":[{"embeddable":true,"href":"https:\/\/giurgiu-net.ro\/index.php\/wp-json\/"}],"wp:attachment":[{"href":"https:\/\/giurgiu-net.ro\/index.php\/wp-json\/wp\/v2\/media?parent=40585"}],"wp:term":[{"taxonomy":"category","embeddable":true,"href":"https:\/\/giurgiu-net.ro\/index.php\/wp-json\/wp\/v2\/categories?post=40585"},{"taxonomy":"post_tag","embeddable":true,"href":"https:\/\/giurgiu-net.ro\/index.php\/wp-json\/wp\/v2\/tags?post=40585"}],"curies":[{"name":"wp","href":"https:\/\/api.w.org\/{rel}","templated":true}]}}