{"id":40576,"date":"2015-08-24T13:20:00","date_gmt":"2015-08-24T10:20:00","guid":{"rendered":"http:\/\/giurgiu-net.ro\/?p=40576"},"modified":"2015-08-24T13:20:00","modified_gmt":"2015-08-24T10:20:00","slug":"sute-de-tineri-la-scoala-de-vara-a-tsd-cine-a-mers-de-la-giurgiu","status":"publish","type":"post","link":"https:\/\/giurgiu-net.ro\/index.php\/2015\/08\/24\/sute-de-tineri-la-scoala-de-vara-a-tsd-cine-a-mers-de-la-giurgiu\/","title":{"rendered":"Sute de tineri, la \u015ecoala de Var\u0103 a TSD. Cine a mers de la Giurgiu?"},"content":{"rendered":"<p>O modalitate de socializare a tinerilor cu idei social-democrate, \u015ecoala de Var\u0103 TSD s-a desf\u0103\u015furat, anul acesta, la Sulina, \u00eentre 20 \u015fi 23 august.<!--more--><\/p>\n<p>Au participat circa 500 de tineri din toat\u0103 \u021bara \u015fi care au avut, \u00een cele patru zile ale \u0218colii de Var\u0103, un program extrem de interesant: ateliere de lucru, vizite la Farul din Sulina, petreceri \u00een aer liber sau plimb\u0103ri cu vapora\u0219ul, pe Dun\u0103re. Printre cei care au participat, \u00een calitate de invita\u021bi, la \u0218coala de Var\u0103, au fost reprezentan\u021bi ai conducerii centrale a TSD, al\u0103turi de Mihai Sturzu, liderul TSD.<\/p>\n\n<p>Din partea TSD Giurgiu au mers la Sulina pre\u0219edintele Drago\u0219 Udvuleanu, pre\u0219edintele executiv TSD Giurgiu, Marius Gheorman, vicepre\u0219edintele TSD Giurgiu, Miruna Grigore, liderul organiza\u021biei municipale TSD, Ionu\u021b Barbu, \u0219i de reprezentantul Ligii Elevilor Social-Democra\u021bi, Camelia Cernat.<\/p>\n<p><em>\u201eA fost o experien\u021b\u0103 interesant\u0103, \u00een primul r\u00e2nd pentru c\u0103 am avut ocazia s\u0103 socializ\u0103m cu tineri care au acelea\u0219i idei ca \u0219i noi. Pe de alt\u0103 parte, am avut ocazia s\u0103 str\u00e2ngem rela\u021biile cu organiza\u021bii ale tinerilor social-democra\u021bi din \u021bar\u0103, eventual s\u0103 stabilim proiecte comune, care ar putea, \u00eentr-o zi, s\u0103 devin\u0103 realitate\u201d<\/em> \u2013 Marius Gheorman, pre\u0219edinte executiv TSD Giurgiu.<\/p>\n<p><em>\u201eNu este prima \u0218coal\u0103 de Var\u0103 TSD la care particip, dar de fiecare dat\u0103 am venit de la aceste activit\u0103\u021bi cu proiecte, cu mult mai multe lucruri \u00eenv\u0103\u021bate. Dincolo de momentele de distrac\u021bie, am \u00eenv\u0103\u021bat c\u0103 numai dac\u0103 suntem uni\u021bi ne putem impune proiectele, c\u0103 numai uni\u021bi putem reu\u0219i\u201d, a spus \u015fi\u00a0<\/em>Drago\u0219 Udvuleanu, pre\u0219edinte TSD Giurgiu.<\/p>\n<p><em>\u201eAu fost patru zile interesante, am cunoscut oameni noi, am avut de \u00eenv\u0103\u021bat unii de la al\u021bii. Sper ca cele \u00eenv\u0103\u021bate acolo, la Sulina, s\u0103 le pot pune \u00een practic\u0103, la un moment dat, al\u0103turi de colegii mei din TSD, at\u00e2t din organiza\u021bia municipal\u0103, c\u00e2t \u0219i din cea jude\u021bean\u0103\u201d<\/em> \u2013 Ionu\u021b Barbu, pre\u0219edinte TSD \u2013 organiza\u021bia municipal\u0103 Giurgiu.<\/p>\n<p><strong>\u00a0Surs\u0103 articol: www.giurgiu-acum.ro<\/strong><\/p>\n","protected":false},"excerpt":{"rendered":"<p>O modalitate de socializare a tinerilor cu idei social-democrate, \u015ecoala de Var\u0103 TSD s-a desf\u0103\u015furat, anul acesta, la Sulina, \u00eentre 20 \u015fi 23 august.<\/p>\n","protected":false},"author":1,"featured_media":40579,"comment_status":"open","ping_status":"open","sticky":false,"template":"","format":"standard","meta":{"slim_seo":{"title":"Sute de tineri, la \u015ecoala de Var\u0103 a TSD. Cine a mers de la Giurgiu? - GIURGIU NET","description":"O modalitate de socializare a tinerilor cu idei social-democrate, \u015ecoala de Var\u0103 TSD s-a desf\u0103\u015furat, anul acesta, la Sulina, \u00eentre 20 \u015fi 23 august. Au participa"},"footnotes":""},"categories":[19,29,25],"tags":[2419,2665,2666],"class_list":{"0":"post-40576","1":"post","2":"type-post","3":"status-publish","4":"format-standard","5":"has-post-thumbnail","7":"category-adm","8":"category-educatie-si-cultura","9":"category-pol","10":"tag-scoala-de-vara-tsd","11":"tag-tsd","12":"tag-tsd-giurgiu"},"_links":{"self":[{"href":"https:\/\/giurgiu-net.ro\/index.php\/wp-json\/wp\/v2\/posts\/40576","targetHints":{"allow":["GET"]}}],"collection":[{"href":"https:\/\/giurgiu-net.ro\/index.php\/wp-json\/wp\/v2\/posts"}],"about":[{"href":"https:\/\/giurgiu-net.ro\/index.php\/wp-json\/wp\/v2\/types\/post"}],"author":[{"embeddable":true,"href":"https:\/\/giurgiu-net.ro\/index.php\/wp-json\/wp\/v2\/users\/1"}],"replies":[{"embeddable":true,"href":"https:\/\/giurgiu-net.ro\/index.php\/wp-json\/wp\/v2\/comments?post=40576"}],"version-history":[{"count":0,"href":"https:\/\/giurgiu-net.ro\/index.php\/wp-json\/wp\/v2\/posts\/40576\/revisions"}],"wp:featuredmedia":[{"embeddable":true,"href":"https:\/\/giurgiu-net.ro\/index.php\/wp-json\/"}],"wp:attachment":[{"href":"https:\/\/giurgiu-net.ro\/index.php\/wp-json\/wp\/v2\/media?parent=40576"}],"wp:term":[{"taxonomy":"category","embeddable":true,"href":"https:\/\/giurgiu-net.ro\/index.php\/wp-json\/wp\/v2\/categories?post=40576"},{"taxonomy":"post_tag","embeddable":true,"href":"https:\/\/giurgiu-net.ro\/index.php\/wp-json\/wp\/v2\/tags?post=40576"}],"curies":[{"name":"wp","href":"https:\/\/api.w.org\/{rel}","templated":true}]}}