{"id":40236,"date":"2015-07-10T09:00:11","date_gmt":"2015-07-10T06:00:11","guid":{"rendered":"http:\/\/giurgiu-net.ro\/?p=40236"},"modified":"2015-07-10T09:00:11","modified_gmt":"2015-07-10T06:00:11","slug":"noua-lege-a-salarizarii-in-sistemul-bugetar-ar-putea-fi-aplicata-din-luna-decembrie-a-acestui-an","status":"publish","type":"post","link":"https:\/\/giurgiu-net.ro\/index.php\/2015\/07\/10\/noua-lege-a-salarizarii-in-sistemul-bugetar-ar-putea-fi-aplicata-din-luna-decembrie-a-acestui-an\/","title":{"rendered":"Noua lege a salariz\u0103rii \u00een sistemul bugetar ar putea fi aplicat\u0103 din luna decembrie a acestui an"},"content":{"rendered":"<p>Anun\u0163ul a fost f\u0103cut recent de ministrul Muncii, Familiei, Protec\u0163iei Sociale \u015fi Persoanelor V\u00e2rstnice, Rovana Plumb. Ea a precizat c\u0103 legea salariz\u0103rii va fi axat\u0103 pe un raport de 1 la 18 \u00eentre salariul minim \u015fi salariul maxim, urm\u00e2nd s\u0103 con\u0163in\u0103 cinci trepte principale de salarizare, dar \u015fi un set de principii \u015fi criterii stabilite \u00een urma discu\u0163iilor cu institu\u0163iile interna\u0163ionale \u015fi cu partenerii sociali, se arat\u0103 pe site-ul <a href=\"https:\/\/www.psd.ro\">www.psd.ro<\/a>.<!--more--><\/p>\n<p><em>\u201cAvem nevoie de o lege nou\u0103 de salarizare, pentru c\u0103, \u00een sistemul de fa\u0163\u0103, salarizarea \u00een sistemul bugetar este haotic\u0103, nu se respect\u0103 niciun fel de principiu, niciun fel de criteriu. E nevoie de stabilirea unor principii, unor criterii. Noi le-am discutat deja cu institu\u0163iile interna\u0163ionale. Ast\u0103zi am avut primele consult\u0103ri, acum am terminat discu\u0163iile cu partenerii sociali din sistemul de Educa\u0163ie. Sustenabilitatea financiar\u0103 este unul dintre principiile care vor sta la baza acestei legi, adic\u0103 stabilirea major\u0103rilor salariale se va face pe baza bugetului pe care \u00eel vom avea predictibil. Motivarea este un alt principiu, dar \u015fi performan\u0163a profesional\u0103, ca \u015fi noutate, astfel \u00eenc\u00e2t s\u0103 putem s\u0103 aducem \u00een sistem speciali\u015fti, iar fiecare ordonator de credite s\u0103-\u015fi stabileasc\u0103 anumite criterii, \u00een func\u0163ie de care se va face evaluarea performan\u0163ei profesionale. Ca \u015fi criterii &#8211; competen\u0163e profesionale, nivelul studiilor, coordonare, responsabilitate \u015fi impactul deciziilor, condi\u0163ii de munc\u0103, incompatibilit\u0103\u0163i \u015fi regimuri speciale\u201d<\/em>, a afirmat ministrul Muncii, la Antena 3.<\/p>\n<p>Potrivit acesteia, noua lege va cuprinde cinci trepte de salarizare, exist\u00e2nd posibilitatea ca documentul s\u0103 fie finalizat la \u00eenceputul lunii septembrie.<\/p>\n<p><em>\u201cVor fi cinci trepte de salarizare, raportul \u00eentre salariul minim \u015fi salariul maxim este de 1 la 18. Salariul minim va fi de 1.200 de lei. \u00cencerc\u0103m s\u0103 finaliz\u0103m c\u00e2t mai repede aceast\u0103 lege a salariz\u0103rii. A\u015f vrea ca pe parcursul verii s\u0103 putem s\u0103 termin\u0103m toate consult\u0103rile, astfel \u00eenc\u00e2t, la \u00eenceputul lunii septembrie, ea s\u0103 poat\u0103 fi finalizat\u0103. Salariul minim ar putea s\u0103 fie aplicat \u00een func\u0163ie de spa\u0163iul fiscal bugetar, cum am discutat \u015fi cu domnul ministru Teodorovici. Sigur, salariul minim pe economie va fi de la 1 ianuarie 2016, dar Legea salariz\u0103rii \u00een sectorul bugetar s-ar putea s\u0103-\u015fi \u00eenceap\u0103 aplicabilitatea din decembrie anul acesta, \u00eens\u0103 \u00een func\u0163ie de spa\u0163iul fiscal bugetar\u201d<\/em>, a precizat Rovana Plumb.<\/p>\n<p>Oficialul de la Munc\u0103 a men\u0163ionat, totodat\u0103, c\u0103 se va aplica aceea\u015fi metod\u0103 de calcul \u00een cazul celor care au lucrat \u00een grupa I \u015fi \u00een grupa a II-a de munc\u0103 \u015fi pensiona\u0163i \u00eenainte de 1 ianuarie 2011 \u015fi pentru cei pensiona\u0163i dup\u0103 1 ianuarie 2011.<\/p>\n<p><em>&#8216;Sunt aproape 200.000 de pensionari pentru care s-a f\u0103cut corec\u0163ie, s-a f\u0103cut repararea unei nedrept\u0103\u0163i, pentru c\u0103 erau dou\u0103 formule aplicabile, pentru cei care au lucrat \u00een grupa I \u015fi \u00een grupa a II-a de munc\u0103 \u015fi pensiona\u0163i \u00eenainte de 1 ianuarie 2011 \u015fi pentru cei pensiona\u0163i dup\u0103 1 ianuarie 2011. Am reglat acest lucru, se aplic\u0103 aceea\u015fi metod\u0103 de calcul. Avem la dispozi\u0163ie trei luni \u00een care vom recalcula fiecare dosar \u00een parte, astfel \u00eenc\u00e2t s\u0103 se poat\u0103 intra \u00een drepturi \u00een momentul \u00een care se finalizeaz\u0103 dosarul. Noi am estimat c\u0103 va dura \u00een jur de trei luni. S\u0103 sper\u0103m c\u0103 printr-un management administrativ eficient vom putea s\u0103 rezolv\u0103m mai rapid&#8217;<\/em>, a mai spus Rovana Plumb.<\/p>\n<p>Articol preluat de pe www.psd.ro(AGERPRES)<\/p>\n<p>&nbsp;<\/p>\n","protected":false},"excerpt":{"rendered":"<p>Anun\u0163ul a fost f\u0103cut recent de ministrul Muncii, Familiei, Protec\u0163iei Sociale \u015fi Persoanelor V\u00e2rstnice, Rovana Plumb. Ea a precizat c\u0103 legea salariz\u0103rii va fi axat\u0103 pe un raport de 1 la 18 \u00eentre salariul minim \u015fi salariul maxim, urm\u00e2nd s\u0103 con\u0163in\u0103 cinci trepte principale de salarizare, dar \u015fi un set de principii \u015fi criterii stabilite [&hellip;]<\/p>\n","protected":false},"author":1,"featured_media":40237,"comment_status":"open","ping_status":"open","sticky":false,"template":"","format":"standard","meta":{"slim_seo":{"title":"Noua lege a salariz\u0103rii \u00een sistemul bugetar ar putea fi aplicat\u0103 din luna decembrie a acestui an - GIURGIU NET","description":"Anun\u0163ul a fost f\u0103cut recent de ministrul Muncii, Familiei, Protec\u0163iei Sociale \u015fi Persoanelor V\u00e2rstnice, Rovana Plumb. Ea a precizat c\u0103 legea salariz\u0103rii va fi a"},"footnotes":""},"categories":[22,26],"tags":[1518,1728,2353],"class_list":{"0":"post-40236","1":"post","2":"type-post","3":"status-publish","4":"format-standard","5":"has-post-thumbnail","7":"category-nt","8":"category-soc","9":"tag-legea-salarizarii","10":"tag-ministerul-muncii","11":"tag-rovana-plumb"},"_links":{"self":[{"href":"https:\/\/giurgiu-net.ro\/index.php\/wp-json\/wp\/v2\/posts\/40236","targetHints":{"allow":["GET"]}}],"collection":[{"href":"https:\/\/giurgiu-net.ro\/index.php\/wp-json\/wp\/v2\/posts"}],"about":[{"href":"https:\/\/giurgiu-net.ro\/index.php\/wp-json\/wp\/v2\/types\/post"}],"author":[{"embeddable":true,"href":"https:\/\/giurgiu-net.ro\/index.php\/wp-json\/wp\/v2\/users\/1"}],"replies":[{"embeddable":true,"href":"https:\/\/giurgiu-net.ro\/index.php\/wp-json\/wp\/v2\/comments?post=40236"}],"version-history":[{"count":0,"href":"https:\/\/giurgiu-net.ro\/index.php\/wp-json\/wp\/v2\/posts\/40236\/revisions"}],"wp:featuredmedia":[{"embeddable":true,"href":"https:\/\/giurgiu-net.ro\/index.php\/wp-json\/"}],"wp:attachment":[{"href":"https:\/\/giurgiu-net.ro\/index.php\/wp-json\/wp\/v2\/media?parent=40236"}],"wp:term":[{"taxonomy":"category","embeddable":true,"href":"https:\/\/giurgiu-net.ro\/index.php\/wp-json\/wp\/v2\/categories?post=40236"},{"taxonomy":"post_tag","embeddable":true,"href":"https:\/\/giurgiu-net.ro\/index.php\/wp-json\/wp\/v2\/tags?post=40236"}],"curies":[{"name":"wp","href":"https:\/\/api.w.org\/{rel}","templated":true}]}}