{"id":40229,"date":"2015-07-10T10:53:08","date_gmt":"2015-07-10T07:53:08","guid":{"rendered":"http:\/\/giurgiu-net.ro\/?p=40229"},"modified":"2015-07-10T10:53:08","modified_gmt":"2015-07-10T07:53:08","slug":"editorial-vai-de-gusa-noastra","status":"publish","type":"post","link":"https:\/\/giurgiu-net.ro\/index.php\/2015\/07\/10\/editorial-vai-de-gusa-noastra\/","title":{"rendered":"EDITORIAL: Vai de gu\u015fa noastr\u0103!"},"content":{"rendered":"<p>De fiecare dat\u0103 c\u00e2nd discut\u0103m despre \u0163ar\u0103, despre promovarea incompeten\u0163ilor \u00een toate domeniile, despre presa- \u00eentre politic \u015fi tabloidizare, ajungem, inevitabil, la \u00eentrebarea: \u015fi unde e cap\u0103tul? Undeva trebuie s\u0103 ne oprim. G\u00e2ndesc c\u0103 se va ajunge la un cap\u0103t de linie, firesc, de unde trebuie s\u0103 repornim, ca o na\u0163ie dup\u0103 r\u0103zboi, ca o specie dup\u0103 apocalips\u0103.<!--more--><\/p>\n<p>Dar c\u00e2nd? Dumnezeu \u015ftie. P\u00e2n\u0103 atunci, \u00eens\u0103, penibilul atinge cote impresionante \u00een statul \u0103sta c\u0103piat.<\/p>\n<p>Politic \u015fi jurnalistic vorbind, v\u0103 dau cel mai recent exemplu. Avem o televiziune de \u015ftiri na\u0163ional\u0103, axat\u0103 pe tocarea zi de zi a premierului Ponta(au \u015fi ei o gu\u015f\u0103 de hr\u0103nit, \u015ftim to\u0163i\u00a0cum e, da&#8217; parc\u0103 gu\u015fa lor e cam nes\u0103tul\u0103&#8230;). Nu exist\u0103 jurnal de \u015ftiri, emisiune de dezbateri, mai au s\u0103 fac\u0103 reclame cu tema \u201ePonta\u201d, f\u0103r\u0103 s\u0103 nu-l critice pentru absolut orice m\u0103sur\u0103, gest, respira\u0163ie. Nici nu prea mai exist\u0103 alt fel de informa\u0163ii acolo. Perchezi\u0163ii(la PSD-i\u015fti, nu v\u0103 g\u00e2ndi\u0163i c\u0103 afla\u0163i ce de drumuri fac \u015fi liberalii la DNA) \u015fi Victor Ponta. At\u00e2t.<\/p>\n<p>Exemplul:<\/p>\n<p><strong>Revenirea pensiilor speciale la valoarea dinaintea t\u0103ierilor Guvernului PDL <\/strong><\/p>\n<p>Vai, ce au urlat jurnali\u015ftii televiziunii respective, din toat\u0103 gu\u015fa lor: c<em>\u0103 Ponta vrea pensii nesim\u0163ite, c\u0103 \u00ee\u015fi protejeaz\u0103 baronii, oamenii, c\u0103 vrea s\u0103 le asigure o b\u0103tr\u00e2ne\u0163e de lux etc.<\/em><\/p>\n<p>Pleac\u0103 Ponta, aplic\u0103 m\u0103sura interimarul(indiferent cine ar fi). <em>Aaaa, p\u0103i se schimb\u0103 treaba, a\u015fa e o m\u0103sur\u0103 frumoas\u0103 \u015fi de bun sim\u0163! P\u0103i, cum s\u0103 l\u0103s\u0103m oamenii f\u0103r\u0103 pensii mai mari? A\u015fa da, a\u015fa se guverneaz\u0103, frate, nu exista o m\u0103sur\u0103 mai bun\u0103&#8230;<\/em><\/p>\n<p>Ponta plecat, interimarul vrea majorarea salariilor demnitarilor. <em>Oooo, ce m\u0103sur\u0103 adev\u0103rat\u0103, b\u0103rb\u0103teasc\u0103. P\u0103i, dac\u0103 \u015fi Iohannis zice c\u0103 vrea salar\u2019 mai mare, c\u0103 merit\u0103 la c\u00e2t munce\u015fte, cum s\u0103 nu promov\u0103m \u015fi noi m\u0103sura dup\u0103 cum vrea gu\u015fa noastr\u0103?<\/em><\/p>\n<p>Ponta revine, nu este de acord cu m\u0103sura: <em>Aoleeeeeu, Ponta blocheaz\u0103 salariile ale\u015filor! Breakingnews, breakingnews! Vai de gu\u015fa noastr\u0103, ce barbar, ce nesim\u0163it, pensii mari le d\u0103, salarii nu! Un nemernic, a\u015fa se guverneaz\u0103? Pl\u00e2nge pre\u015fedintele c\u0103 \u00ee\u015fi f\u0103cuse planuri cu b\u0103nu\u0163ii \u0103ia \u00een plus, poate mergea \u015fi el la Abu Dhabi, c\u0103-n insulele Madeira nu i-a pl\u0103cut a\u015fa mult!<\/em><\/p>\n<p>Pute\u0163i spune ce dori\u0163i, dar \u015ftiu c\u0103 suntem cu to\u0163ii de acord c\u0103 au c\u0103zut \u00een penibil \u015fi c\u0103 ne fac de r\u00e2s.<\/p>\n<p>Adic\u0103, sincer \u015fi logic, a\u015fa ar fi normal, s\u0103 vede\u0163i pe bune realitatea&#8230; Asta dac\u0103 v\u0103 dori\u0163i cu adev\u0103rat binele \u0163\u0103rii \u0103steia.<\/p>\n<p>C\u0103t\u0103lina Sfetcu<\/p>\n","protected":false},"excerpt":{"rendered":"<p>De fiecare dat\u0103 c\u00e2nd discut\u0103m despre \u0163ar\u0103, despre promovarea incompeten\u0163ilor \u00een toate domeniile, despre presa- \u00eentre politic \u015fi tabloidizare, ajungem, inevitabil, la \u00eentrebarea: \u015fi unde e cap\u0103tul? Undeva trebuie s\u0103 ne oprim. G\u00e2ndesc c\u0103 se va ajunge la un cap\u0103t de linie, firesc, de unde trebuie s\u0103 repornim, ca o na\u0163ie dup\u0103 r\u0103zboi, ca o [&hellip;]<\/p>\n","protected":false},"author":1,"featured_media":37924,"comment_status":"open","ping_status":"open","sticky":false,"template":"","format":"standard","meta":{"slim_seo":{"title":"EDITORIAL: Vai de gu\u015fa noastr\u0103! - GIURGIU NET","description":"De fiecare dat\u0103 c\u00e2nd discut\u0103m despre \u0163ar\u0103, despre promovarea incompeten\u0163ilor \u00een toate domeniile, despre presa- \u00eentre politic \u015fi tabloidizare, ajungem, inevitabi"},"footnotes":""},"categories":[18,20,22,25],"tags":[1490,1955,2371,2747],"class_list":{"0":"post-40229","1":"post","2":"type-post","3":"status-publish","4":"format-standard","5":"has-post-thumbnail","7":"category-actual","8":"category-edit","9":"category-nt","10":"category-pol","11":"tag-klaus-iohannis","12":"tag-pensii-speciale","13":"tag-salarii-demnitari","14":"tag-victor-ponta"},"_links":{"self":[{"href":"https:\/\/giurgiu-net.ro\/index.php\/wp-json\/wp\/v2\/posts\/40229","targetHints":{"allow":["GET"]}}],"collection":[{"href":"https:\/\/giurgiu-net.ro\/index.php\/wp-json\/wp\/v2\/posts"}],"about":[{"href":"https:\/\/giurgiu-net.ro\/index.php\/wp-json\/wp\/v2\/types\/post"}],"author":[{"embeddable":true,"href":"https:\/\/giurgiu-net.ro\/index.php\/wp-json\/wp\/v2\/users\/1"}],"replies":[{"embeddable":true,"href":"https:\/\/giurgiu-net.ro\/index.php\/wp-json\/wp\/v2\/comments?post=40229"}],"version-history":[{"count":0,"href":"https:\/\/giurgiu-net.ro\/index.php\/wp-json\/wp\/v2\/posts\/40229\/revisions"}],"wp:featuredmedia":[{"embeddable":true,"href":"https:\/\/giurgiu-net.ro\/index.php\/wp-json\/"}],"wp:attachment":[{"href":"https:\/\/giurgiu-net.ro\/index.php\/wp-json\/wp\/v2\/media?parent=40229"}],"wp:term":[{"taxonomy":"category","embeddable":true,"href":"https:\/\/giurgiu-net.ro\/index.php\/wp-json\/wp\/v2\/categories?post=40229"},{"taxonomy":"post_tag","embeddable":true,"href":"https:\/\/giurgiu-net.ro\/index.php\/wp-json\/wp\/v2\/tags?post=40229"}],"curies":[{"name":"wp","href":"https:\/\/api.w.org\/{rel}","templated":true}]}}