{"id":40226,"date":"2015-07-09T17:50:01","date_gmt":"2015-07-09T14:50:01","guid":{"rendered":"http:\/\/giurgiu-net.ro\/?p=40226"},"modified":"2015-07-09T17:50:01","modified_gmt":"2015-07-09T14:50:01","slug":"psd-giurgiu-start-la-depunerea-dosarelor-inaintea-alegerilor-de-saptamana-viitoare","status":"publish","type":"post","link":"https:\/\/giurgiu-net.ro\/index.php\/2015\/07\/09\/psd-giurgiu-start-la-depunerea-dosarelor-inaintea-alegerilor-de-saptamana-viitoare\/","title":{"rendered":"PSD GIURGIU: Start la depunerea dosarelor \u00eenaintea alegerilor de s\u0103pt\u0103m\u00e2na viitoare"},"content":{"rendered":"<p>Dup\u0103 doamnele social-democrate, va veni \u015fi r\u00e2ndul domnilor din PSD s\u0103 \u00ee\u015fi alearg\u0103 conducerea. Purt\u0103torul de cuv\u00e2nt al organiza\u0163iei jude\u0163ene a social-democra\u0163ilor giurgiuveni, R\u0103zvan Cuc, a anun\u0163at c\u0103 startul la depunerea dosarelor de candida\u0163i va fi dat vineri, 10 iulie.<!--more--><\/p>\n<p><em>\u201c\u00cencep\u00e2nd cu ziua de vineri \u015fi p\u00e2n\u0103 joi, 16 iulie, la ora 12.00, vor fi depuse dosarele pentru candidaturi. Fie c\u0103 vorbim despre pre\u015fedinte, vicepre\u015fedin\u0163i, secretar. \u00cen ultima perioad\u0103, au tot ap\u0103rut specula\u0163ii c\u0103 s-ar fi stabilit deja componen\u0163a conducerii la un Birou Jude\u0163ean, nu este adev\u0103rat, oricine dore\u015fte \u00ee\u015fi poate depune candidatura, to\u0163i sunt bineveni\u0163i. Desigur, trebuie s\u0103 \u015fi \u00eendeplineasc\u0103 respectivele criterii pentru a ocupa o func\u0163ie sau alta\u201d<\/em>, a precizat Cuc.<\/p>\n<p>El a men\u0163ionat c\u0103 dosarul trebuie s\u0103 con\u0163in\u0103 o cerere, un CV \u015fi o recomandare. \u00cen cazul vicepre\u015fedin\u0163ilor \u015fi secretarilor, trebuie o recomandare de la liderul jude\u0163ean al PSD. \u00cen cazul pre\u015fedintelui PSD Giurgiu, trebuie recomandare de la secretarul general al PSD, la nivel central.<\/p>\n<p>Conform statului, PSD, la nivel jude\u0163ean, poate avea \u00eentre 11 \u015fi 17 vicepre\u015fedin\u0163i.<\/p>\n<p>La Conferin\u0163a Jude\u0163ean\u0103 ce va fi organizat\u0103, cel mai probabil, vineri 17 iulie, vor veni c\u00e2te 4 delega\u0163i din comune, 10 de la Bolintin Vale, 13 de la Mih\u0103ile\u015fti \u015fi 45 din municipiul Giurgiu.<\/p>\n<p>V\u0103 reamintim c\u0103, \u00een ultima perioad\u0103, au avut loc alegeri, \u00een cadrul unor Adun\u0103ri Generale, \u00een toate filialele teritoriale ale PSD Giurgiu.<\/p>\n<p>C.S.<\/p>\n","protected":false},"excerpt":{"rendered":"<p>Dup\u0103 doamnele social-democrate, va veni \u015fi r\u00e2ndul domnilor din PSD s\u0103 \u00ee\u015fi alearg\u0103 conducerea. Purt\u0103torul de cuv\u00e2nt al organiza\u0163iei jude\u0163ene a social-democra\u0163ilor giurgiuveni, R\u0103zvan Cuc, a anun\u0163at c\u0103 startul la depunerea dosarelor de candida\u0163i va fi dat vineri, 10 iulie.<\/p>\n","protected":false},"author":1,"featured_media":40227,"comment_status":"open","ping_status":"open","sticky":false,"template":"","format":"standard","meta":{"slim_seo":{"title":"PSD GIURGIU: Start la depunerea dosarelor \u00eenaintea alegerilor de s\u0103pt\u0103m\u00e2na viitoare - GIURGIU NET","description":"Dup\u0103 doamnele social-democrate, va veni \u015fi r\u00e2ndul domnilor din PSD s\u0103 \u00ee\u015fi alearg\u0103 conducerea. Purt\u0103torul de cuv\u00e2nt al organiza\u0163iei jude\u0163ene a social-democra\u0163ilo"},"footnotes":""},"categories":[19,25,28],"tags":[168,2256,2290],"class_list":{"0":"post-40226","1":"post","2":"type-post","3":"status-publish","4":"format-standard","5":"has-post-thumbnail","7":"category-adm","8":"category-pol","9":"category-uo","10":"tag-alegeri-psd","11":"tag-psd-giurgiu","12":"tag-razvan-cuc"},"_links":{"self":[{"href":"https:\/\/giurgiu-net.ro\/index.php\/wp-json\/wp\/v2\/posts\/40226","targetHints":{"allow":["GET"]}}],"collection":[{"href":"https:\/\/giurgiu-net.ro\/index.php\/wp-json\/wp\/v2\/posts"}],"about":[{"href":"https:\/\/giurgiu-net.ro\/index.php\/wp-json\/wp\/v2\/types\/post"}],"author":[{"embeddable":true,"href":"https:\/\/giurgiu-net.ro\/index.php\/wp-json\/wp\/v2\/users\/1"}],"replies":[{"embeddable":true,"href":"https:\/\/giurgiu-net.ro\/index.php\/wp-json\/wp\/v2\/comments?post=40226"}],"version-history":[{"count":0,"href":"https:\/\/giurgiu-net.ro\/index.php\/wp-json\/wp\/v2\/posts\/40226\/revisions"}],"wp:featuredmedia":[{"embeddable":true,"href":"https:\/\/giurgiu-net.ro\/index.php\/wp-json\/"}],"wp:attachment":[{"href":"https:\/\/giurgiu-net.ro\/index.php\/wp-json\/wp\/v2\/media?parent=40226"}],"wp:term":[{"taxonomy":"category","embeddable":true,"href":"https:\/\/giurgiu-net.ro\/index.php\/wp-json\/wp\/v2\/categories?post=40226"},{"taxonomy":"post_tag","embeddable":true,"href":"https:\/\/giurgiu-net.ro\/index.php\/wp-json\/wp\/v2\/tags?post=40226"}],"curies":[{"name":"wp","href":"https:\/\/api.w.org\/{rel}","templated":true}]}}