{"id":40163,"date":"2015-07-07T14:57:19","date_gmt":"2015-07-07T11:57:19","guid":{"rendered":"http:\/\/giurgiu-net.ro\/?p=40163"},"modified":"2015-07-07T14:57:19","modified_gmt":"2015-07-07T11:57:19","slug":"primarul-barbu-raspuns-atac-la-adresa-doamnei-deputat-2","status":"publish","type":"post","link":"https:\/\/giurgiu-net.ro\/index.php\/2015\/07\/07\/primarul-barbu-raspuns-atac-la-adresa-doamnei-deputat-2\/","title":{"rendered":"Primarul Barbu, r\u0103spuns- atac la adresa \u201cdoamnei deputat\u201d"},"content":{"rendered":"<p>Nu i-a men\u0163ionat numele, dar evident c\u0103 nici nu era nevoie, \u00eens\u0103 a criticat declara\u0163iile \u201cdoamnei deputat\u201d f\u0103cute pe o re\u0163ea de socializare \u015fi a prezentat date statistice, \u00een \u201cap\u0103rarea sa\u201d. Nicolae Barbu a vorbit despre c\u00e2\u0163i pensionari \u015fi \u015fomeri sunt \u00een municipiu, raportat la num\u0103rul angaja\u0163ilor, mar\u0163i, 7 iulie, \u00eentr-o conferin\u0163\u0103 de pres\u0103.<!--more--><\/p>\n<p>El a pornit de la unele declara\u0163ii f\u0103cute de \u201cdoamna deputat\u201d, potrivit c\u0103rora Giurgiu ar fi un ora\u015f exclusiv al pensionarilor \u015fi \u015fomerilor, \u00een care \u201cnimeni nu munce\u015fte, nimeni nu face nimic\u201d, a spus Barbu c\u0103 a scris \u201cdoamna deputat\u201d.<\/p>\n<p><em>\u201cSunt <strong>16.500 de pensionari.<\/strong> \u015etim acest lucru, deoarece am cerut o statistic\u0103 pentru c\u0103, foarte cur\u00e2nd, vor fi carduri pe mijloacele de transport \u00een comun. \u00cen iulie 2014, erau peste <strong>18.100 de salaria\u0163i<\/strong>. A\u015ftept\u0103m acum statistica pentru anul acesta. Avem <strong>10.000 de elevi \u015fi copii,<\/strong> plus persoanele cu handicap \u015fi \u00eenso\u0163itorii acestora- 1.500. Sunt \u015fi alte c\u00e2teva sute de studen\u0163i \u015fi angaja\u0163i care nu lucreaz\u0103 aici, rezult\u0103 un total undeva la <strong>47.000 de oameni.<\/strong> Potrivit datelor de la Direc\u0163ia de Taxe \u015fi Impozite, sunt <strong>51.000<\/strong> de pl\u0103titori de tax\u0103 de habitat, adic\u0103, \u00een medie, cam aceasta mai este popula\u0163ia. Rezult\u0103 doar circa\u00a0<strong>4.000 de \u015fomeri<\/strong>, din care 1.300 sunt \u00eenregistra\u0163i. Scria doamna deputat, acolo, c\u0103 nu poate concepe o via\u0163\u0103 doar cu un salariu minim, dar dac\u0103 \u015fi-ar da exemplul personal ar fi cel mai bine. Din darul de a comenta orice, f\u0103r\u0103 a se pricepe, sau poate c\u0103 ce apare acolo nu e scris numai de dumneaei, ajunge s\u0103 vorbeasc\u0103 despre lucruri pe care nu le cunoa\u015fte. Dar, mai grav este s\u0103 vii s\u0103 spui c\u0103 nu e corect un lucru c\u00e2nd tu, la tine la firm\u0103, tocmai asta faci\u2026 \u015ei m\u0103 opresc aici\u201d<\/em>, a declarat Barbu.<\/p>\n","protected":false},"excerpt":{"rendered":"<p>Nu i-a men\u0163ionat numele, dar evident c\u0103 nici nu era nevoie, \u00eens\u0103 a criticat declara\u0163iile \u201cdoamnei deputat\u201d f\u0103cute pe o re\u0163ea de socializare \u015fi a prezentat date statistice, \u00een \u201cap\u0103rarea sa\u201d. Nicolae Barbu a vorbit despre c\u00e2\u0163i pensionari \u015fi \u015fomeri sunt \u00een municipiu, raportat la num\u0103rul angaja\u0163ilor, mar\u0163i, 7 iulie, \u00eentr-o conferin\u0163\u0103 de pres\u0103.<\/p>\n","protected":false},"author":1,"featured_media":40164,"comment_status":"open","ping_status":"open","sticky":false,"template":"","format":"standard","meta":{"slim_seo":{"title":"Primarul Barbu, r\u0103spuns- atac la adresa \u201cdoamnei deputat\u201d - GIURGIU NET","description":"Nu i-a men\u0163ionat numele, dar evident c\u0103 nici nu era nevoie, \u00eens\u0103 a criticat declara\u0163iile \u201cdoamnei deputat\u201d f\u0103cute pe o re\u0163ea de socializare \u015fi a prezentat date"},"footnotes":""},"categories":[18,19,26],"tags":[1831,1959,2505],"class_list":["post-40163","post","type-post","status-publish","format-standard","has-post-thumbnail","category-actual","category-adm","category-soc","tag-nicolae-barbu","tag-pensionari-giurgiuveni","tag-someri-giurgiuveni"],"_links":{"self":[{"href":"https:\/\/giurgiu-net.ro\/index.php\/wp-json\/wp\/v2\/posts\/40163","targetHints":{"allow":["GET"]}}],"collection":[{"href":"https:\/\/giurgiu-net.ro\/index.php\/wp-json\/wp\/v2\/posts"}],"about":[{"href":"https:\/\/giurgiu-net.ro\/index.php\/wp-json\/wp\/v2\/types\/post"}],"author":[{"embeddable":true,"href":"https:\/\/giurgiu-net.ro\/index.php\/wp-json\/wp\/v2\/users\/1"}],"replies":[{"embeddable":true,"href":"https:\/\/giurgiu-net.ro\/index.php\/wp-json\/wp\/v2\/comments?post=40163"}],"version-history":[{"count":0,"href":"https:\/\/giurgiu-net.ro\/index.php\/wp-json\/wp\/v2\/posts\/40163\/revisions"}],"wp:attachment":[{"href":"https:\/\/giurgiu-net.ro\/index.php\/wp-json\/wp\/v2\/media?parent=40163"}],"wp:term":[{"taxonomy":"category","embeddable":true,"href":"https:\/\/giurgiu-net.ro\/index.php\/wp-json\/wp\/v2\/categories?post=40163"},{"taxonomy":"post_tag","embeddable":true,"href":"https:\/\/giurgiu-net.ro\/index.php\/wp-json\/wp\/v2\/tags?post=40163"}],"curies":[{"name":"wp","href":"https:\/\/api.w.org\/{rel}","templated":true}]}}