{"id":40135,"date":"2015-07-03T13:58:51","date_gmt":"2015-07-03T10:58:51","guid":{"rendered":"http:\/\/giurgiu-net.ro\/?p=40135"},"modified":"2015-07-03T13:58:51","modified_gmt":"2015-07-03T10:58:51","slug":"soc-si-groaza-teodorescu-seful-lui-iliescu-momentan","status":"publish","type":"post","link":"https:\/\/giurgiu-net.ro\/index.php\/2015\/07\/03\/soc-si-groaza-teodorescu-seful-lui-iliescu-momentan\/","title":{"rendered":"&#8222;\u015eOC \u015eI GROAZ\u0102&#8221;: Teodorescu, \u015feful lui Iliescu. &#8222;Momentan&#8221;"},"content":{"rendered":"<p>Am tr\u0103it(\u015fi noi, dar mai ales ei) s-o vedem \u015fi p-asta. Viorel Teodorescu va avea ocazia s\u0103-l reduc\u0103 la t\u0103cere, \u00een \u015fedin\u0163e, pe Lucian Iliescu. Va putea s\u0103 \u0163ipe la el, s\u0103-l fac\u0103 \u00een toate felurile, s\u0103-l pun\u0103 la punct, s\u0103-i \u00eentoarc\u0103 minunatele-i \u201ecomplimente\u201d, s\u0103-l \u015fi p\u0103ruiasc\u0103, p\u0103lmuiasc\u0103 \u015f.a.m.d., dac\u0103 dore\u015fte, desigur. Curaj \u015fi motiva\u0163ie are, ohoho. \u201eMomentan\u201d, Teo e la conducere, a\u015fa c\u0103 \u201eciocu\u2019 mic\u201d.\u00a0<!--more--><\/p>\n<p>Deputatul de Giurgiu \u015fi \u015fef al filialei jude\u0163ene a UNPR a sus\u0163inut, vineri, 3 iulie, o conferin\u0163\u0103 de pres\u0103, \u015fi, dincolo de chestiuni na\u0163ionale(de &#8222;interes na\u0163ional&#8221;, cum s-ar zice), a r\u0103spuns, desigur, avalan\u015fei de \u00eentreb\u0103ri cu privire la noua achizi\u0163ie, respectiv fostul liberal Lucian Iliescu.<\/p>\n<p>Viorel Teodorescu a declarat c\u0103 deocamdat\u0103 nu a avut vreo discu\u0163ie cu Lucian Iliescu, dar acest lucru se va petrece s\u0103pt\u0103m\u00e2na viitoare. \u201e<em>Lucian Iliescu \u015fi-a depus adeziunea la UNPR central, dar va activa la UNPR Giurgiu. Cel mai probabil mar\u0163ea viitoare m\u0103 voi \u00eent\u00e2lni cu el(&#8230;). M\u0103 simt confortabil pentru c\u0103 fiecare om a f\u0103cut \u015fi lucruri rele \u015fi bune\u201d<\/em>, a mai spus Teodorescu r\u0103spunz\u00e2nd la \u00eentrebarea: cum se simte cu doi cerceta\u0163i penal \u00een UNPR Giurgiu(Iliescu \u015fi Marin Anton). Totodat\u0103, deputatul a specificat c\u0103 a\u015fteapt\u0103 decizia Instan\u0163ei p\u00e2n\u0103 s\u0103 se pronun\u0163e cu privire la o eventual\u0103 vinov\u0103\u0163ie a cuiva.<\/p>\n<p>Pe de alt\u0103 parte, \u00eentrebat cum vede, totu\u015fi, personal, ca om, venirea lui Iliescu \u00een UNPR, av\u00e2nd \u00een vedere conflictul lor anterior, Teodorescu a declarat: <em>\u201e\u00cen politic\u0103 nu exist\u0103 conflicte. Du\u015fmanul de ieri poate deveni aliatul de m\u00e2ine, doar s\u0103 nu \u00ee\u0163i \u00eenfig\u0103 vreun cu\u0163it pe la spate<\/em>\u201d. Prea multe nu ar mai fi de spus, dec\u00e2t c\u0103 \u015feful UNPR Giurgiu a r\u00e2njit c\u00e2nd a fost \u00eentrebat dac\u0103 \u015fi-a imaginat vreodat\u0103 c\u0103 va fi \u015feful lui Lucian Iliescu.<\/p>\n<p>A, da, \u015fi c\u0103 a mai spus c\u0103 Iliescu va fi vicepre\u015fedinte: <em>\u201emomentan. Da, momentan. Vor fi alegeri \u015fi oricare dintre noi, eu, Lucian Iliescu, C\u0103t\u0103lin Lupu, poate fi noul pre\u015fedinte\u201d<\/em>, a subliniat Teodorescu.<\/p>\n<p>C\u0103t\u0103lina Sfetcu<\/p>\n","protected":false},"excerpt":{"rendered":"<p>Am tr\u0103it(\u015fi noi, dar mai ales ei) s-o vedem \u015fi p-asta. Viorel Teodorescu va avea ocazia s\u0103-l reduc\u0103 la t\u0103cere, \u00een \u015fedin\u0163e, pe Lucian Iliescu. Va putea s\u0103 \u0163ipe la el, s\u0103-l fac\u0103 \u00een toate felurile, s\u0103-l pun\u0103 la punct, s\u0103-i \u00eentoarc\u0103 minunatele-i \u201ecomplimente\u201d, s\u0103-l \u015fi p\u0103ruiasc\u0103, p\u0103lmuiasc\u0103 \u015f.a.m.d., dac\u0103 dore\u015fte, desigur. Curaj \u015fi motiva\u0163ie [&hellip;]<\/p>\n","protected":false},"author":1,"featured_media":40136,"comment_status":"open","ping_status":"open","sticky":false,"template":"","format":"standard","meta":{"slim_seo":{"title":"\"\u015eOC \u015eI GROAZ\u0102\": Teodorescu, \u015feful lui Iliescu. \"Momentan\" - GIURGIU NET","description":"Am tr\u0103it(\u015fi noi, dar mai ales ei) s-o vedem \u015fi p-asta. Viorel Teodorescu va avea ocazia s\u0103-l reduc\u0103 la t\u0103cere, \u00een \u015fedin\u0163e, pe Lucian Iliescu. Va putea s\u0103 \u0163ipe l"},"footnotes":""},"categories":[19,25],"tags":[1573,1634,2693,2760],"class_list":["post-40135","post","type-post","status-publish","format-standard","has-post-thumbnail","category-adm","category-pol","tag-lucian-iliescu","tag-marin-anton","tag-unpr-giurgiu","tag-viorel-teodorescu"],"_links":{"self":[{"href":"https:\/\/giurgiu-net.ro\/index.php\/wp-json\/wp\/v2\/posts\/40135","targetHints":{"allow":["GET"]}}],"collection":[{"href":"https:\/\/giurgiu-net.ro\/index.php\/wp-json\/wp\/v2\/posts"}],"about":[{"href":"https:\/\/giurgiu-net.ro\/index.php\/wp-json\/wp\/v2\/types\/post"}],"author":[{"embeddable":true,"href":"https:\/\/giurgiu-net.ro\/index.php\/wp-json\/wp\/v2\/users\/1"}],"replies":[{"embeddable":true,"href":"https:\/\/giurgiu-net.ro\/index.php\/wp-json\/wp\/v2\/comments?post=40135"}],"version-history":[{"count":0,"href":"https:\/\/giurgiu-net.ro\/index.php\/wp-json\/wp\/v2\/posts\/40135\/revisions"}],"wp:attachment":[{"href":"https:\/\/giurgiu-net.ro\/index.php\/wp-json\/wp\/v2\/media?parent=40135"}],"wp:term":[{"taxonomy":"category","embeddable":true,"href":"https:\/\/giurgiu-net.ro\/index.php\/wp-json\/wp\/v2\/categories?post=40135"},{"taxonomy":"post_tag","embeddable":true,"href":"https:\/\/giurgiu-net.ro\/index.php\/wp-json\/wp\/v2\/tags?post=40135"}],"curies":[{"name":"wp","href":"https:\/\/api.w.org\/{rel}","templated":true}]}}