{"id":40108,"date":"2015-07-02T15:59:01","date_gmt":"2015-07-02T12:59:01","guid":{"rendered":"http:\/\/giurgiu-net.ro\/?p=40108"},"modified":"2015-07-02T15:59:01","modified_gmt":"2015-07-02T12:59:01","slug":"giurgiu-primarii-au-aflat-totul-despre-doua-dintre-cele-mai-importante-programe-de-dezvoltare","status":"publish","type":"post","link":"https:\/\/giurgiu-net.ro\/index.php\/2015\/07\/02\/giurgiu-primarii-au-aflat-totul-despre-doua-dintre-cele-mai-importante-programe-de-dezvoltare\/","title":{"rendered":"GIURGIU: Primarii au aflat totul despre dou\u0103 dintre cele mai importante programe de dezvoltare"},"content":{"rendered":"<p>O \u00eent\u00e2lnire deosebit de important\u0103 pentru autorit\u0103\u0163ile publice locale din jude\u0163ul nostru s-a desf\u0103\u015furat joi, 2 iulie, la Ateneul \u201eNicolae B\u0103l\u0103nescu\u201d. Evenimentul a avut loc la ini\u0163iativa prefectului de Giurgiu, Nina-Carmen Cri\u015fu, dar \u015fi cu sprijinul senatorului PSD, liderul social-democra\u0163ilor giurgiuveni, Niculae B\u0103d\u0103l\u0103u.<!--more--><\/p>\n<p>Le-au vorbit primarilor despre Programul Opera\u0163ional Regional(Regio) 2014-2020, dar \u015fi despre Programul Na\u0163ional de Dezvoltare Rural\u0103, reprezenta\u0163i ai Ministerului Dezvolt\u0103rii- Alina Cost\u0103chescu \u015fi Ionu\u0163 Trinc\u0103-, dar \u015fi unul din partea Ministerului Agriculturii, respectiv Liviu Podolan.<\/p>\n<p><em>\u201eDeocamdat\u0103, discu\u0163iile vor fi unele generale, inclusiv \u00eentreb\u0103rile dumneavoastr\u0103. Apoi, \u00een urm\u0103toarele 2 s\u0103pt\u0103m\u00e2ni, fiecare dintre reprezentan\u0163ii unit\u0103\u0163ilor administrativ-teritoriale \u00ee\u015fi va stabili priorit\u0103\u0163ile \u015fi ne va trimite solicit\u0103rile. A\u015fadar, ulterior, vom face \u015fedin\u0163e punctuale cu teme punctuale\u201d<\/em>, le-a transmis primarilor prefectul Cri\u015fu.<\/p>\n<p>Au venit la \u00eent\u00e2lnire edili precum cei din Mih\u0103ile\u015fti, Ghimpa\u0163i, Putineiu, Gostinu, Singureni, Coliba\u015fi, S\u0103b\u0103reni, Buc\u015fani, Hotarele, Schitu, Ulmi, dar \u015fi, desigur, primarul de Giurgiu, Nicolae Barbu. De asemenea, au fost \u00een sal\u0103 \u015fi reprezentan\u0163i ai altor UAT-uri din jude\u0163, de la departamentele ce se vor ocupa, de acum \u00eenainte, cu \u00eentocmirea \u015fi depunerea proiectelor europene sau guvernamentale.<\/p>\n\n<p>\u00cen ceea ce prive\u015fte POR-ul, edililor \u015fi colegilor lor le-au fost prezentate, \u00een detaliu, axele \u015fi ce finan\u0163eaz\u0103 Programul respectiv. \u00een plus, s-a vorbit, la general, despre abord\u0103ri strategice, criterii de selec\u0163ie, valoarea proiectelor, ce poate accesa o institu\u0163ie public\u0103 \u015fi ce un IMM sau ONG ori o companie privat\u0103. S-a vorbit \u015fi despre Strategia Dun\u0103rii, infrastructur\u0103 rutier\u0103 sau modernizare ori construc\u0163ie de \u015fcoli.<\/p>\n<p>Totodat\u0103, referitor la PNDR, tot detaliat, primarilor li s-a explicat ce tip de proiecte finan\u0163eaz\u0103 acesta, de la iriga\u0163ii, infrastructur\u0103 rutier\u0103 agricol\u0103 ori forestier\u0103 \u015fi p\u00e2n\u0103 la mari investi\u0163ii de ap\u0103-canal.<\/p>\n<p><em>\u201eVreau s\u0103 \u00eei mul\u0163umesc doamnei prefect pentru aceast\u0103 ac\u0163iune, dar \u015fi celor de la Ministerele Dezvolt\u0103rii \u015fi Agriculturii pentru c\u0103 au venit \u015fi au explicat totul primarilor \u015fi nu numai. Consider c\u0103 cele dou\u0103 programe sunt extrem de importante pentru dezvoltarea jude\u0163ului nostru. Pe Programul Opera\u0163ional Regional viz\u0103m, \u00een primul r\u00e2nd, \u015fcolile, iar pe PNDR- canaliz\u0103rile \u015fi apa curent\u0103. Le doresc succes primarilor \u015fi sper s\u0103 avem c\u00e2t mai multe proiecte c\u00e2\u015ftigate\u201d<\/em>, ne-a declarat senatorul PSD, Niculae B\u0103d\u0103l\u0103u.<\/p>\n<p>La r\u00e2ndul s\u0103u, prefectul Nina-Carmen Cri\u015fu ne-a spus c\u0103 aceast\u0103 \u00eent\u00e2lnire s-a desf\u0103\u015furat acum pentru c\u0103 tocmai au ap\u0103rut ghidurile de finan\u0163are. <em>\u201eAcesta este viitorul jude\u0163ului nostru, proiectele reprezint\u0103 posibilitatea noastr\u0103 de a ne dezvolta. \u00cen acest exerci\u0163iu financiar, oportunit\u0103\u0163ile sunt chiar mult mai mari iar ghidurile mult mai simple. Exist\u0103 inclusiv mult mai multe axe ce prev\u0103d o contribu\u0163ie zero din partea prim\u0103riilor \u015fi sesiunile de depunere sunt mult mai lungi. Le-am spus \u015fi edililor, acum a fost o dezbatere la modul general, dar vor urma \u015fedin\u0163e punctuale \u015fi, dac\u0103 va fi nevoie, ne vom \u015fi deplasa \u00een teritoriu pentru a-i sprijini\u201d<\/em>, a subliniat prefectul Cri\u015fu.<\/p>\n<p>C.S.<\/p>\n","protected":false},"excerpt":{"rendered":"<p>O \u00eent\u00e2lnire deosebit de important\u0103 pentru autorit\u0103\u0163ile publice locale din jude\u0163ul nostru s-a desf\u0103\u015furat joi, 2 iulie, la Ateneul \u201eNicolae B\u0103l\u0103nescu\u201d. Evenimentul a avut loc la ini\u0163iativa prefectului de Giurgiu, Nina-Carmen Cri\u015fu, dar \u015fi cu sprijinul senatorului PSD, liderul social-democra\u0163ilor giurgiuveni, Niculae B\u0103d\u0103l\u0103u.<\/p>\n","protected":false},"author":1,"featured_media":40119,"comment_status":"open","ping_status":"open","sticky":false,"template":"","format":"standard","meta":{"slim_seo":{"title":"GIURGIU: Primarii au aflat totul despre dou\u0103 dintre cele mai importante programe de dezvoltare - GIURGIU NET","description":"O \u00eent\u00e2lnire deosebit de important\u0103 pentru autorit\u0103\u0163ile publice locale din jude\u0163ul nostru s-a desf\u0103\u015furat joi, 2 iulie, la Ateneul \u201eNicolae B\u0103l\u0103nescu\u201d. Evenimentu"},"footnotes":""},"categories":[18,19,26,28],"tags":[1138,1502,1839,1884,2094,2119,2166,2207],"class_list":["post-40108","post","type-post","status-publish","format-standard","has-post-thumbnail","category-actual","category-adm","category-soc","category-uo","tag-fonduri-europene-giurgiu","tag-lavinia-crisu","tag-niculae-badalau","tag-ondr","tag-por","tag-prefect-giurgiu","tag-primarii-giurgiu","tag-proiecte-europene"],"_links":{"self":[{"href":"https:\/\/giurgiu-net.ro\/index.php\/wp-json\/wp\/v2\/posts\/40108","targetHints":{"allow":["GET"]}}],"collection":[{"href":"https:\/\/giurgiu-net.ro\/index.php\/wp-json\/wp\/v2\/posts"}],"about":[{"href":"https:\/\/giurgiu-net.ro\/index.php\/wp-json\/wp\/v2\/types\/post"}],"author":[{"embeddable":true,"href":"https:\/\/giurgiu-net.ro\/index.php\/wp-json\/wp\/v2\/users\/1"}],"replies":[{"embeddable":true,"href":"https:\/\/giurgiu-net.ro\/index.php\/wp-json\/wp\/v2\/comments?post=40108"}],"version-history":[{"count":0,"href":"https:\/\/giurgiu-net.ro\/index.php\/wp-json\/wp\/v2\/posts\/40108\/revisions"}],"wp:attachment":[{"href":"https:\/\/giurgiu-net.ro\/index.php\/wp-json\/wp\/v2\/media?parent=40108"}],"wp:term":[{"taxonomy":"category","embeddable":true,"href":"https:\/\/giurgiu-net.ro\/index.php\/wp-json\/wp\/v2\/categories?post=40108"},{"taxonomy":"post_tag","embeddable":true,"href":"https:\/\/giurgiu-net.ro\/index.php\/wp-json\/wp\/v2\/tags?post=40108"}],"curies":[{"name":"wp","href":"https:\/\/api.w.org\/{rel}","templated":true}]}}