{"id":40104,"date":"2015-07-02T12:28:29","date_gmt":"2015-07-02T09:28:29","guid":{"rendered":"http:\/\/giurgiu-net.ro\/?p=40104"},"modified":"2015-07-02T12:28:29","modified_gmt":"2015-07-02T09:28:29","slug":"nea-lucica-s-a-dus-dupa-nea-anton","status":"publish","type":"post","link":"https:\/\/giurgiu-net.ro\/index.php\/2015\/07\/02\/nea-lucica-s-a-dus-dupa-nea-anton\/","title":{"rendered":"\u2018Nea Lucic\u0103 s-a dus. Dup\u0103 \u2018nea Anton"},"content":{"rendered":"<p>Extraordinar! \u015etirea s\u0103pt\u0103m\u00e2nii, ba a lunii, ce zic eu?!\u00a0\u015ftirea\u00a0anului este aceea c\u0103 <em>liberalul<\/em> Lucian Iliescu s-a cuib\u0103rit \u00een poala generalului Oprea.<!--more--><\/p>\n<p>De la dreapta la st\u00e2nga e doar un pas, fix ca-n&#8230; aia cu ura \u015fi iubirea, ce v\u0103 mira\u0163i a\u015fa?<\/p>\n<p>Nici n-a sunat bine \u201eacest\u201d Oprea din goarna-i de lupt\u0103tor, c\u0103 senatorul giurgiuvean( care \u015fi-a luat por\u0163ia de imunitate parlamentar\u0103 <strong>doar<\/strong> datorit\u0103 USL, \u00een 2012) a \u015fi b\u0103tut la u\u015fa UNPR. <em>Cioc-cioc, s\u0103ru<\/em><em>\u2019m<\/em><em>\u00e2na, deranjez din punct de vedere doctrin\u0103?<\/em><\/p>\n<p>Ei, a\u015f! Pofti\u0163i(?)! \u015ei s-a dus.<\/p>\n<p>Cel mai vesel, ca un coleg &#8211; \u00eenc\u0103 de la \u201egr\u0103dini\u0163\u0103\u201d- ce este, \u00eel va primi \u201eadev\u0103ratul UNPR-ist giurgiuvean\u201d Marin Anton. Parc\u0103-i v\u0103d: cu lacrimi \u00een ochi, alerg\u00e2nd unul c\u0103tre cel\u0103lalt, cu \u00eencetinitorul. Ca-n filmele cu pup\u0103turi pe obraji- pe care o s\u0103 \u015fi le dea, \u00een prima zi de petrecut la partid: \u201eBun\u0103 diminea\u0163a, Lucic\u0103, te-a\u015ftept ca \u015fi c\u00e2nd numai dosarele noastre ar fi pe p\u0103m\u00e2nt!\u201d.<\/p>\n<p>Teodorescu va pl\u00e2nge, probabil, \u015fi el. Dar de ciud\u0103. Se va t\u0103v\u0103li ca un \u201eUNPR-ist\u201d alintat ce a fost, arunc\u00e2nd cu juc\u0103riile de to\u0163i pere\u0163ii sediului pe care el, cu b\u0103nu\u0163ii lui, l-a amenajat.<\/p>\n<p>\u00cen timp ce UNPR-i\u015ftii, eeee, cei care chiar au crezut c\u0103 e pe bune toat\u0103 treaba cu doctrina, onoarea etc.(pe unul \u00eel \u015ftiu eu) vor \u00eenghi\u0163i \u00een sec. C-a\u015fa-i (\u015fi) \u00een politic\u0103. \u00cenghi\u0163i p\u00e2n\u0103 ai \u015fi tu ocazia s\u0103 fii boss \u015fi s\u0103 scuipi ca s\u0103 \u00eenghit\u0103 altu\u2019 mai mic.<\/p>\n<p>Iliescu a (re)devenit de st\u00e2nga, Marin Anton bate recordul la (\u00een)doctrin\u0103(ri), PNL-ul ademene\u015fte candida\u0163ii altora&#8230; Pe modelul: \u201ecum te eu, nimeni nu te va!\u201d. Asta a\u015fa \u00eentruc\u00e2t, pe de-o parte, miroase r\u0103u a <em>Doamne, Nu-i Alunga<\/em>, iar pe de alt\u0103 parte- \u015fi a ciolan proasp\u0103t, a economie pe plus din care po\u0163i p\u0103pa lini\u015ftit. Ca s\u0103 nu zic altfel.<\/p>\n<p>C\u0103t\u0103lina Sfetcu<\/p>\n","protected":false},"excerpt":{"rendered":"<p>Extraordinar! \u015etirea s\u0103pt\u0103m\u00e2nii, ba a lunii, ce zic eu?!\u00a0\u015ftirea\u00a0anului este aceea c\u0103 liberalul Lucian Iliescu s-a cuib\u0103rit \u00een poala generalului Oprea.<\/p>\n","protected":false},"author":1,"featured_media":39838,"comment_status":"open","ping_status":"open","sticky":false,"template":"","format":"standard","meta":{"slim_seo":{"title":"\u2018Nea Lucic\u0103 s-a dus. Dup\u0103 \u2018nea Anton - GIURGIU NET","description":"Extraordinar! \u015etirea s\u0103pt\u0103m\u00e2nii, ba a lunii, ce zic eu?!\u00a0\u015ftirea\u00a0anului este aceea c\u0103 liberalul Lucian Iliescu s-a cuib\u0103rit \u00een poala generalului Oprea. De la dre"},"footnotes":""},"categories":[19,20,25],"tags":[1573,1634,2025,2692,2760],"class_list":["post-40104","post","type-post","status-publish","format-standard","has-post-thumbnail","category-adm","category-edit","category-pol","tag-lucian-iliescu","tag-marin-anton","tag-pnl","tag-unpr","tag-viorel-teodorescu"],"_links":{"self":[{"href":"https:\/\/giurgiu-net.ro\/index.php\/wp-json\/wp\/v2\/posts\/40104","targetHints":{"allow":["GET"]}}],"collection":[{"href":"https:\/\/giurgiu-net.ro\/index.php\/wp-json\/wp\/v2\/posts"}],"about":[{"href":"https:\/\/giurgiu-net.ro\/index.php\/wp-json\/wp\/v2\/types\/post"}],"author":[{"embeddable":true,"href":"https:\/\/giurgiu-net.ro\/index.php\/wp-json\/wp\/v2\/users\/1"}],"replies":[{"embeddable":true,"href":"https:\/\/giurgiu-net.ro\/index.php\/wp-json\/wp\/v2\/comments?post=40104"}],"version-history":[{"count":0,"href":"https:\/\/giurgiu-net.ro\/index.php\/wp-json\/wp\/v2\/posts\/40104\/revisions"}],"wp:attachment":[{"href":"https:\/\/giurgiu-net.ro\/index.php\/wp-json\/wp\/v2\/media?parent=40104"}],"wp:term":[{"taxonomy":"category","embeddable":true,"href":"https:\/\/giurgiu-net.ro\/index.php\/wp-json\/wp\/v2\/categories?post=40104"},{"taxonomy":"post_tag","embeddable":true,"href":"https:\/\/giurgiu-net.ro\/index.php\/wp-json\/wp\/v2\/tags?post=40104"}],"curies":[{"name":"wp","href":"https:\/\/api.w.org\/{rel}","templated":true}]}}