{"id":39976,"date":"2015-06-23T14:55:14","date_gmt":"2015-06-23T11:55:14","guid":{"rendered":"http:\/\/giurgiu-net.ro\/?p=39976"},"modified":"2015-06-23T14:55:14","modified_gmt":"2015-06-23T11:55:14","slug":"editorial-ziceti-repede-primarul-pupa-poala-pnl-ului","status":"publish","type":"post","link":"https:\/\/giurgiu-net.ro\/index.php\/2015\/06\/23\/editorial-ziceti-repede-primarul-pupa-poala-pnl-ului\/","title":{"rendered":"EDITORIAL. Zice\u0163i repede: primarul pup\u0103 poala PNL-ului&#8230;"},"content":{"rendered":"<p>Era o fraz\u0103, \u015ftiu c\u0103 o \u015fti\u0163i, \u201ejuc\u0103u\u015f\u0103\u201d, pe care, atunci c\u00e2nd eram copii \u015fi habar n-aveam oricum ce \u00eensemna,\u00a0trebuia s\u0103 o repet\u0103m, din ce \u00een ce mai repede. Da, ca s\u0103 ias\u0103 o prostie- pe care o auzeam la \u2018\u0103i mai mari- \u015fi ca s\u0103 ne facem s\u0103 r\u00e2dem. Ca ni\u015fte copii chiar ne\u015ftiutori, dar simpatici, ce eram.<!--more--><\/p>\n<p>\u201eEu pup poala popii, popa pup\u0103 poala mea\u201d-\u00a0suna\u00a0originalul. Nu \u015ftiu de ce tocmai la fraza asta juc\u0103u\u015f\u0103 m-am dus imediat cu g\u00e2ndul, \u00eenainte s\u0103 m\u0103 apuc de scris despre primarii care schel\u0103l\u0103ie acum pe la por\u0163ile la care \u201eau ridicat\u201d piciorul c\u00e2nd g\u0103siser\u0103 gospod\u0103rii mai serioase!<\/p>\n<p>Nu i-am judecat niciodat\u0103 \u00een primul r\u00e2nd pe edili, probabil c\u0103 nici nu sunt de judecat. Totu\u015fi, unii dintre ei devin penibili, sunt convins\u0103 c\u0103 \u015fi \u00een ochii cet\u0103\u0163enilor, c\u00e2nd, \u00een doar 4 ani, au pupat poala \u015fefilor a vreo 4-5 partide. Sau doar 3-4, m\u0103 rog, revenind \u015fi ling\u00e2nd unde au scuipat odinioar\u0103.<\/p>\n<p>Mai abitir pup\u0103, \u00eens\u0103, poala primarilor <strong>liberalii, &#8216;<\/strong>\u0103i mai corec\u0163i dintre corec\u0163i, cinsti\u0163i, nep\u0103ta\u0163i \u015fi cu sil\u0103 de edili\u00a0&#8222;de moravuri politice u\u015foare\u201d<strong>&#8230;.\u00a0<\/strong>Da, ei, cei\u00a0care se jurau \u015fi scuipau \u00een s\u00e2n, atunci&#8230; cu Ordonan\u0163a 55. Cic\u0103\u00a0 \u201es\u0103 moar\u0103\u201d dac\u0103 mai primesc vreun r\u0103t\u0103cit de primar, schel\u0103l\u0103ind, pup\u00e2nd poala sau ling\u00e2nd picioare, f\u0103r\u0103 scrupule! Ei, a\u015f! Presa \u201elatr\u0103\u201d, subiectul trece.<\/p>\n<p>Mam\u0103, \u015fi s\u0103-i vezi la conferin\u0163ele de pres\u0103 cum o s\u0103 ne ia cu d-alea: c\u0103&#8230; s\u0103racu\u2019 premar, c\u0103 ce schingiut, b\u0103tut, oropsit, \u00een lan\u0163uri \u015fi f\u0103r\u0103 m\u00e2ncare a fost el la altu\u2019. C\u0103, oricum, se dusese acolo sub amenin\u0163are, c\u0103, de fapt \u015fi de drept, iubirea la fostul st\u0103p\u00e2n a r\u0103mas. Necontenit \u015fi cu pasiune. A\u0163i putea s\u0103 ne scuti\u0163i? \u015ei, dac\u0103 ve\u0163i fi \u00eentreba\u0163i( <em>de ce, dom\u2019ne \u00eei primi\u0163i \u00eenapoi dup\u0103 ce i-a\u0163i f\u0103cut \u00een toate felurile?<\/em>) m\u0103car s\u0103 b\u0103ga\u0163i un \u201eno comment\u201d, a\u015fa&#8230; din respect pentru jurnali\u015ftii mai \u00een v\u00e2rst\u0103, cel pu\u0163in. Cei care se uit\u0103 la voi, indiferent de op\u0163iune, a\u015fa cum ar trebui s\u0103 v\u0103 uita\u0163i dumneavoastr\u0103, diminea\u0163a, \u00een oglind\u0103.<\/p>\n<p>C\u0103t\u0103lina Sfetcu<\/p>\n","protected":false},"excerpt":{"rendered":"<p>Era o fraz\u0103, \u015ftiu c\u0103 o \u015fti\u0163i, \u201ejuc\u0103u\u015f\u0103\u201d, pe care, atunci c\u00e2nd eram copii \u015fi habar n-aveam oricum ce \u00eensemna,\u00a0trebuia s\u0103 o repet\u0103m, din ce \u00een ce mai repede. Da, ca s\u0103 ias\u0103 o prostie- pe care o auzeam la \u2018\u0103i mai mari- \u015fi ca s\u0103 ne facem s\u0103 r\u00e2dem. Ca ni\u015fte copii chiar ne\u015ftiutori, [&hellip;]<\/p>\n","protected":false},"author":1,"featured_media":37924,"comment_status":"open","ping_status":"open","sticky":false,"template":"","format":"standard","meta":{"slim_seo":{"title":"EDITORIAL. Zice\u0163i repede: primarul pup\u0103 poala PNL-ului... - GIURGIU NET","description":"Era o fraz\u0103, \u015ftiu c\u0103 o \u015fti\u0163i, \u201ejuc\u0103u\u015f\u0103\u201d, pe care, atunci c\u00e2nd eram copii \u015fi habar n-aveam oricum ce \u00eensemna,\u00a0trebuia s\u0103 o repet\u0103m, din ce \u00een ce mai repede. Da,"},"footnotes":""},"categories":[19,20,25],"tags":[1904,1940,2025,2151],"class_list":["post-39976","post","type-post","status-publish","format-standard","has-post-thumbnail","category-adm","category-edit","category-pol","tag-oug-55","tag-pdl","tag-pnl","tag-primari"],"_links":{"self":[{"href":"https:\/\/giurgiu-net.ro\/index.php\/wp-json\/wp\/v2\/posts\/39976","targetHints":{"allow":["GET"]}}],"collection":[{"href":"https:\/\/giurgiu-net.ro\/index.php\/wp-json\/wp\/v2\/posts"}],"about":[{"href":"https:\/\/giurgiu-net.ro\/index.php\/wp-json\/wp\/v2\/types\/post"}],"author":[{"embeddable":true,"href":"https:\/\/giurgiu-net.ro\/index.php\/wp-json\/wp\/v2\/users\/1"}],"replies":[{"embeddable":true,"href":"https:\/\/giurgiu-net.ro\/index.php\/wp-json\/wp\/v2\/comments?post=39976"}],"version-history":[{"count":0,"href":"https:\/\/giurgiu-net.ro\/index.php\/wp-json\/wp\/v2\/posts\/39976\/revisions"}],"wp:attachment":[{"href":"https:\/\/giurgiu-net.ro\/index.php\/wp-json\/wp\/v2\/media?parent=39976"}],"wp:term":[{"taxonomy":"category","embeddable":true,"href":"https:\/\/giurgiu-net.ro\/index.php\/wp-json\/wp\/v2\/categories?post=39976"},{"taxonomy":"post_tag","embeddable":true,"href":"https:\/\/giurgiu-net.ro\/index.php\/wp-json\/wp\/v2\/tags?post=39976"}],"curies":[{"name":"wp","href":"https:\/\/api.w.org\/{rel}","templated":true}]}}