{"id":39973,"date":"2015-06-23T09:00:13","date_gmt":"2015-06-23T06:00:13","guid":{"rendered":"http:\/\/giurgiu-net.ro\/?p=39973"},"modified":"2015-06-23T09:00:13","modified_gmt":"2015-06-23T06:00:13","slug":"romania-cel-mai-mic-pret-european-la-medicamente-de-la-1-iulie","status":"publish","type":"post","link":"https:\/\/giurgiu-net.ro\/index.php\/2015\/06\/23\/romania-cel-mai-mic-pret-european-la-medicamente-de-la-1-iulie\/","title":{"rendered":"Rom\u00e2nia- cel mai mic pre\u0163 european la medicamente, de la 1 iulie"},"content":{"rendered":"<p><!--more--><\/p>\n<p><em>\u201dDe la 1 iulie Rom\u00e2nia trece la cel mai mic pre\u0163 european la medicamente, a\u015fa cum este normal \u015fi cum confirm\u0103 \u015fi contextul socio-economic. Pre\u0163urile nu pot fi similare celor din \u0163\u0103rile cu PIB-uri mai puternice. Au fost discu\u0163ii \u015fi cu Comisia european\u0103, cu FMI, cu asocia\u0163iile de produc\u0103tori \u015fi distribuitori de medicamente, cu lan\u0163urile de farmacii, ca s\u0103 asigur\u0103m distribu\u0163ia continu\u0103 \u015fi s\u0103 nu fie prbleme \u00een aprovizionare \u015fi este finalizat\u0103 toat\u0103 procedura\u201d<\/em>, a declarat, recent, ministrul S\u0103n\u0103t\u0103\u0163ii, Nicolae B\u0103nicioiu.<\/p>\n<p>El a precizat c\u0103 toate noile pre\u0163uri ale medicamentelor, reduse cu 20 la sut\u0103, au fost afi\u015fate pe site-ul Ministerului S\u0103n\u0103t\u0103\u0163ii.<\/p>\n<p>Ministerul S\u0103n\u0103t\u0103\u0163ii a cerut, de la \u00eenceputul acestui an, produc\u0103torilor de medicamente revizuirea pre\u0163urilor, \u00een virtutea Ordinului ministrului S\u0103n\u0103t\u0103\u0163ii nr. 75\/2009, care nu a fost p\u00e2n\u0103 acum aplicat.<\/p>\n","protected":false},"excerpt":{"rendered":"","protected":false},"author":1,"featured_media":39974,"comment_status":"open","ping_status":"open","sticky":false,"template":"","format":"standard","meta":{"slim_seo":{"title":"Rom\u00e2nia- cel mai mic pre\u0163 european la medicamente, de la 1 iulie - GIURGIU NET","description":"\u201dDe la 1 iulie Rom\u00e2nia trece la cel mai mic pre\u0163 european la medicamente, a\u015fa cum este normal \u015fi cum confirm\u0103 \u015fi contextul socio-economic. Pre\u0163urile nu pot fi s"},"footnotes":""},"categories":[22,26],"tags":[1678,1737,1830],"class_list":["post-39973","post","type-post","status-publish","format-standard","has-post-thumbnail","category-nt","category-soc","tag-medicamente","tag-ministrul-sanatatii","tag-nicolae-banicioiu"],"_links":{"self":[{"href":"https:\/\/giurgiu-net.ro\/index.php\/wp-json\/wp\/v2\/posts\/39973","targetHints":{"allow":["GET"]}}],"collection":[{"href":"https:\/\/giurgiu-net.ro\/index.php\/wp-json\/wp\/v2\/posts"}],"about":[{"href":"https:\/\/giurgiu-net.ro\/index.php\/wp-json\/wp\/v2\/types\/post"}],"author":[{"embeddable":true,"href":"https:\/\/giurgiu-net.ro\/index.php\/wp-json\/wp\/v2\/users\/1"}],"replies":[{"embeddable":true,"href":"https:\/\/giurgiu-net.ro\/index.php\/wp-json\/wp\/v2\/comments?post=39973"}],"version-history":[{"count":0,"href":"https:\/\/giurgiu-net.ro\/index.php\/wp-json\/wp\/v2\/posts\/39973\/revisions"}],"wp:attachment":[{"href":"https:\/\/giurgiu-net.ro\/index.php\/wp-json\/wp\/v2\/media?parent=39973"}],"wp:term":[{"taxonomy":"category","embeddable":true,"href":"https:\/\/giurgiu-net.ro\/index.php\/wp-json\/wp\/v2\/categories?post=39973"},{"taxonomy":"post_tag","embeddable":true,"href":"https:\/\/giurgiu-net.ro\/index.php\/wp-json\/wp\/v2\/tags?post=39973"}],"curies":[{"name":"wp","href":"https:\/\/api.w.org\/{rel}","templated":true}]}}