{"id":39921,"date":"2015-06-19T12:40:01","date_gmt":"2015-06-19T09:40:01","guid":{"rendered":"http:\/\/giurgiu-net.ro\/?p=39921"},"modified":"2015-06-19T12:40:01","modified_gmt":"2015-06-19T09:40:01","slug":"giurgiu-soferii-din-tara-sfatuiti-sa-aleaga-si-alte-puncte-de-trecere-a-frontierei-cu-bulgaria","status":"publish","type":"post","link":"https:\/\/giurgiu-net.ro\/index.php\/2015\/06\/19\/giurgiu-soferii-din-tara-sfatuiti-sa-aleaga-si-alte-puncte-de-trecere-a-frontierei-cu-bulgaria\/","title":{"rendered":"GIURGIU: \u015eoferii din \u0163ar\u0103, sf\u0103tui\u0163i s\u0103 aleag\u0103 \u015fi alte puncte de trecere a frontierei cu Bulgaria"},"content":{"rendered":"<p>Se lucreaz\u0103 de zor pe Podul Prieteniei. A\u015fa cum am anun\u0163at anterior, de luni, 15 iunie, au fost impuse \u015fi restric\u0163ii de trafic, adic\u0103 circula\u0163ia se desf\u0103\u015foar\u0103 alternativ, pe o singur\u0103 band\u0103. \u00cen acela\u015fi timp, zona este semaforizat\u0103, dar sunt pe pod \u015fi pilo\u0163i de dirijare.<!--more--><\/p>\n<p>Av\u00e2nd \u00een vedere c\u0103 a \u00eenceput sezonul estival, iar in perioada urm\u0103toare se prefigureaz\u0103 o cre\u015ftere a traficului de pasageri prin acest punct de frontiera, pentru evitarea aglomer\u0103rilor, reprezentan\u0163ii Poli\u0163iei de Frontier\u0103 Giurgiu recomand\u0103 participan\u0163ilor la trafic s\u0103 foloseasc\u0103 \u015fi celelalte puncte de trecere de la frontiera cu Bulgaria:<\/p>\n<p>T.F. Vama Veche \u2013 jud. Constan\u0163a;<\/p>\n<p>T.F. Negru Vod\u0103 \u2013 jud. Constan\u0163a;<\/p>\n<p>T.F. Calafat \u2013 jud. Dolj;<\/p>\n<p>T.F. Bechet \u2013 jud. Dolj<\/p>\n<p><em>\u00a0\u201eMen\u0163ion\u0103m c\u0103 la nivelul I.T.P.F. Giurgiu s-au dispus m\u0103surile necesare pentru derularea formalit\u0103\u0163ilor de frontier\u0103 cu operativitate \u015fi s-a luat leg\u0103tura cu autorit\u0103\u0163ile de frontier\u0103 din R. Bulgara, \u00een vederea stabilirii m\u0103surilor care se impun \u00een astfel de situa\u0163ii\u201d<\/em>, se arat\u0103 \u00eentr-un comunicat de pres\u0103 al ITPF Giurgiu.<\/p>\n<p>De asemenea, \u015fi angaja\u0163ii Agen\u0163iei de Control \u015fi \u00cencasare Giurgiu vor lucra cu maxim\u0103 operativitate.<\/p>\n<p><em>\u201eSe a\u015fteapt\u0103 circa 2 minute la semafor, \u00een sta\u0163ia de taxare sunt toate arterele deschise. Nu credem c\u0103 se va aglomera. Pe pod, timpul de a\u015fteptare este de circa 3-4 minute, pe un sens \u015fi pe cel\u0103lalt\u201d<\/em>, ne-a spus directorul Agen\u0163iei, Bogdan Bratu.<\/p>\n<p>Lucr\u0103rile de repara\u0163ii capitale pe Podul Prieteniei sunt realizate printr-un proiect european ce va fi finalizat \u00een decembrie anul acesta.<\/p>\n<p>C.S.<\/p>\n","protected":false},"excerpt":{"rendered":"<p>Se lucreaz\u0103 de zor pe Podul Prieteniei. A\u015fa cum am anun\u0163at anterior, de luni, 15 iunie, au fost impuse \u015fi restric\u0163ii de trafic, adic\u0103 circula\u0163ia se desf\u0103\u015foar\u0103 alternativ, pe o singur\u0103 band\u0103. \u00cen acela\u015fi timp, zona este semaforizat\u0103, dar sunt pe pod \u015fi pilo\u0163i de dirijare.<\/p>\n","protected":false},"author":1,"featured_media":39133,"comment_status":"open","ping_status":"open","sticky":false,"template":"","format":"standard","meta":{"slim_seo":{"title":"GIURGIU: \u015eoferii din \u0163ar\u0103, sf\u0103tui\u0163i s\u0103 aleag\u0103 \u015fi alte puncte de trecere a frontierei cu Bulgaria - GIURGIU NET","description":"Se lucreaz\u0103 de zor pe Podul Prieteniei. A\u015fa cum am anun\u0163at anterior, de luni, 15 iunie, au fost impuse \u015fi restric\u0163ii de trafic, adic\u0103 circula\u0163ia se desf\u0103\u015foar\u0103 a"},"footnotes":""},"categories":[19,28],"tags":[127,634,1577,2046,2052],"class_list":["post-39921","post","type-post","status-publish","format-standard","has-post-thumbnail","category-adm","category-uo","tag-agentia-de-control-si-incasare-giurgiu","tag-cnadnr","tag-lucrari-de-infrastructura-rutiera","tag-podul-prieteniei","tag-politia-de-frontiera-giurgiu"],"_links":{"self":[{"href":"https:\/\/giurgiu-net.ro\/index.php\/wp-json\/wp\/v2\/posts\/39921","targetHints":{"allow":["GET"]}}],"collection":[{"href":"https:\/\/giurgiu-net.ro\/index.php\/wp-json\/wp\/v2\/posts"}],"about":[{"href":"https:\/\/giurgiu-net.ro\/index.php\/wp-json\/wp\/v2\/types\/post"}],"author":[{"embeddable":true,"href":"https:\/\/giurgiu-net.ro\/index.php\/wp-json\/wp\/v2\/users\/1"}],"replies":[{"embeddable":true,"href":"https:\/\/giurgiu-net.ro\/index.php\/wp-json\/wp\/v2\/comments?post=39921"}],"version-history":[{"count":0,"href":"https:\/\/giurgiu-net.ro\/index.php\/wp-json\/wp\/v2\/posts\/39921\/revisions"}],"wp:attachment":[{"href":"https:\/\/giurgiu-net.ro\/index.php\/wp-json\/wp\/v2\/media?parent=39921"}],"wp:term":[{"taxonomy":"category","embeddable":true,"href":"https:\/\/giurgiu-net.ro\/index.php\/wp-json\/wp\/v2\/categories?post=39921"},{"taxonomy":"post_tag","embeddable":true,"href":"https:\/\/giurgiu-net.ro\/index.php\/wp-json\/wp\/v2\/tags?post=39921"}],"curies":[{"name":"wp","href":"https:\/\/api.w.org\/{rel}","templated":true}]}}