{"id":39843,"date":"2015-06-11T16:00:14","date_gmt":"2015-06-11T13:00:14","guid":{"rendered":"http:\/\/giurgiu-net.ro\/?p=39843"},"modified":"2015-06-11T16:00:14","modified_gmt":"2015-06-11T13:00:14","slug":"psd-giurgiu-motiunea-de-cenzura-va-pica-si-nu-oricum-ci-cu-60-70-voturi-impotriva","status":"publish","type":"post","link":"https:\/\/giurgiu-net.ro\/index.php\/2015\/06\/11\/psd-giurgiu-motiunea-de-cenzura-va-pica-si-nu-oricum-ci-cu-60-70-voturi-impotriva\/","title":{"rendered":"PSD Giurgiu: Mo\u0163iunea de cenzur\u0103 va pica. Nu exist\u0103 un guvern mai bun dec\u00e2t actualul"},"content":{"rendered":"<p>Opinia a fost exprimat\u0103, joi, 11 iunie, \u00een conferin\u0163\u0103 de pres\u0103, de c\u0103tre liderul PSD Giurgiu, senatorul Niculae B\u0103d\u0103l\u0103u. El a men\u0163ionat c\u0103 aceast\u0103 mo\u0163iune de cenzur\u0103 a PNL nu se justific\u0103 \u00een vreun fel.<!--more--><\/p>\n<p><em>\u201cAvem un Guvern care a reu\u015fit s\u0103 fac\u0103 tot ceea ce a promis \u00een campanie. De la readucerea salariilor \u015fi pensiilor la nivelul dinaintea t\u0103ierilor PDL-iste, la reducerea CAS, reducerea TVA la alimente, \u015fi p\u00e2n\u0103 la noul Cod Fiscal, Codul Silvic. Absolut toate obiectivele au fost realizate, \u00eentr-adev\u0103r cu dou\u0103 excep\u0163ii: modificarea Constitu\u0163iei \u015fi reforma \u00een administra\u0163ia public\u0103. Dar, acestea nu au trecut de Parlament, unde era nevoie de voturile a dou\u0103 treimi. Acest lucru nu s-a putut din cauza ruperii USL\u201d<\/em>, a zis\u00a0Niculae B\u0103d\u0103l\u0103u.<\/p>\n<p>Senatorul giurgiuvean a spus c\u0103 acum se lucreaz\u0103 la un nou program de guvernare, pentru finele acestui an \u015fi \u00eenceputul lui 2016.<\/p>\n<p><em>\u201cAvem o cre\u015ftere economic\u0103 de 4,3%, cea mai mare din Uniunea European\u0103, am primit \u015fi 4 miliarde de euro pentru autostr\u0103zi, tot de la UE, dup\u0103 3 ani de discu\u0163ii juridice pe aceast\u0103 tem\u0103. CFR Marf\u0103 \u015fi CFR C\u0103l\u0103tori, am aflat, sunt pe plus, pentru prima dat\u0103 \u00een ultimii 25 de ani. Guvernul Ponta a demonstrat c\u0103 poate s\u0103 gestioneze bine problemele \u0163\u0103rii(\u2026) \u015ei-a \u00eendeplinit obiectivele \u015fi va face, \u00een continuare, ceea ce este mai bine pentru rom\u00e2ni\u201d<\/em>, a mai declarat \u015feful PSD Giurgiu.<\/p>\n<p>Tot el a spus \u015fi c\u0103 Victor Ponta nu \u00ee\u015fi d\u0103 demisia nu pentru c\u0103 se aga\u0163\u0103 de scaunul acela, ci pentru c\u0103 are o responsabilitate fa\u0163\u0103 de rom\u00e2ni. <em>\u201cCum s\u0103 dea guvernarea pe m\u00e2na acelora care au pr\u0103duit \u0163ara? Cum s\u0103 dea \u0163ara pe m\u00e2na unora ca Blaga, Predoiu care au semnat pentru t\u0103ierea pensiilor \u015fi salariilor? Cum s\u0103 dea institu\u0163iile iar\u0103\u015fi pe m\u00e2na lor, ca s\u0103 fac\u0103 iar pr\u0103p\u0103d cu retroced\u0103rile \u015fi nu numai? Consider c\u0103 nu exist\u0103, \u00een acest moment, un guvern care s\u0103-l poat\u0103 \u00eenlocui pe actualul. Cum s\u0103 fim de acord s\u0103 revin\u0103 cei pe care i-am dat jos al\u0103turi de rom\u00e2nii care i-au sanc\u0163ionat prin vot? Ce-or s\u0103 fac\u0103, o s-o pun\u0103 la Ministerul Dezvolt\u0103rii pe Udrea?\u201d<\/em>, a subliniat Niculae B\u0103d\u0103l\u0103u.<\/p>\n<p>C.S.<\/p>\n","protected":false},"excerpt":{"rendered":"<p>Opinia a fost exprimat\u0103, joi, 11 iunie, \u00een conferin\u0163\u0103 de pres\u0103, de c\u0103tre liderul PSD Giurgiu, senatorul Niculae B\u0103d\u0103l\u0103u. El a men\u0163ionat c\u0103 aceast\u0103 mo\u0163iune de cenzur\u0103 a PNL nu se justific\u0103 \u00een vreun fel.<\/p>\n","protected":false},"author":1,"featured_media":39844,"comment_status":"open","ping_status":"open","sticky":false,"template":"","format":"standard","meta":{"slim_seo":{"title":"PSD Giurgiu: Mo\u0163iunea de cenzur\u0103 va pica. Nu exist\u0103 un guvern mai bun dec\u00e2t actualul - GIURGIU NET","description":"Opinia a fost exprimat\u0103, joi, 11 iunie, \u00een conferin\u0163\u0103 de pres\u0103, de c\u0103tre liderul PSD Giurgiu, senatorul Niculae B\u0103d\u0103l\u0103u. El a men\u0163ionat c\u0103 aceast\u0103 mo\u0163iune de ce"},"footnotes":""},"categories":[22,25,26],"tags":[531,1292,1788,1839,1951,2676],"class_list":{"0":"post-39843","1":"post","2":"type-post","3":"status-publish","4":"format-standard","5":"has-post-thumbnail","7":"category-nt","8":"category-pol","9":"category-soc","10":"tag-cas","11":"tag-guvernul-ponta","12":"tag-motiune-de-cenzura","13":"tag-niculae-badalau","14":"tag-pensii-majorate","15":"tag-tva"},"_links":{"self":[{"href":"https:\/\/giurgiu-net.ro\/index.php\/wp-json\/wp\/v2\/posts\/39843","targetHints":{"allow":["GET"]}}],"collection":[{"href":"https:\/\/giurgiu-net.ro\/index.php\/wp-json\/wp\/v2\/posts"}],"about":[{"href":"https:\/\/giurgiu-net.ro\/index.php\/wp-json\/wp\/v2\/types\/post"}],"author":[{"embeddable":true,"href":"https:\/\/giurgiu-net.ro\/index.php\/wp-json\/wp\/v2\/users\/1"}],"replies":[{"embeddable":true,"href":"https:\/\/giurgiu-net.ro\/index.php\/wp-json\/wp\/v2\/comments?post=39843"}],"version-history":[{"count":0,"href":"https:\/\/giurgiu-net.ro\/index.php\/wp-json\/wp\/v2\/posts\/39843\/revisions"}],"wp:featuredmedia":[{"embeddable":true,"href":"https:\/\/giurgiu-net.ro\/index.php\/wp-json\/"}],"wp:attachment":[{"href":"https:\/\/giurgiu-net.ro\/index.php\/wp-json\/wp\/v2\/media?parent=39843"}],"wp:term":[{"taxonomy":"category","embeddable":true,"href":"https:\/\/giurgiu-net.ro\/index.php\/wp-json\/wp\/v2\/categories?post=39843"},{"taxonomy":"post_tag","embeddable":true,"href":"https:\/\/giurgiu-net.ro\/index.php\/wp-json\/wp\/v2\/tags?post=39843"}],"curies":[{"name":"wp","href":"https:\/\/api.w.org\/{rel}","templated":true}]}}