{"id":39795,"date":"2015-06-08T11:41:35","date_gmt":"2015-06-08T08:41:35","guid":{"rendered":"http:\/\/giurgiu-net.ro\/?p=39795"},"modified":"2015-06-08T11:41:35","modified_gmt":"2015-06-08T08:41:35","slug":"tsd-giurgiu-isi-exprima-sustinerea-pentru-victor-ponta","status":"publish","type":"post","link":"https:\/\/giurgiu-net.ro\/index.php\/2015\/06\/08\/tsd-giurgiu-isi-exprima-sustinerea-pentru-victor-ponta\/","title":{"rendered":"TSD Giurgiu \u00ee\u0219i exprim\u0103 sus\u021binerea pentru Victor Ponta"},"content":{"rendered":"<p>Av\u00e2nd \u00een vedere ultimele evenimente petrecute in spa\u021biul public cu privire la acuza\u021biile care i se aduc domnului Victor Ponta, Tineretul Social Democrat Giurgiu vine cu\u00a0urmatoarele preciz\u0103ri :<!--more--><\/p>\n<p>&#8222;Prezum\u021bia de nevinov\u0103\u021bie primeaz\u0103, iar demisia domnului Victor Ponta nu poate veni in mod for\u021bat \u00een urma cit\u0103rii de c\u0103tre Directia Na\u021bionala Anticorup\u021bie pentru audieri \u00een ziua \u00een care PNL depune o mo\u021biune de cenzur\u0103. Mandatul de premier a fost atribuit \u00een mod democratic domnului Victor Ponta de c\u0103tre Parlamentul Rom\u00e2niei, iar demersul pre\u0219edintelui Klaus Iohannis, prin care i se cere demisia premierului, nu este dec\u00e2t o abordare cu iz politic, \u00een afara Constitu\u021biei \u0219i are rolul de a sprijini PNL \u00een demersurile sale de a prelua guvernarea.<\/p>\n<p>TSD Giurgiu \u00ee\u0219i exprim\u0103 solidaritatea cu Victor Ponta, prim-ministrul \u0219i pre\u0219edinte al Partidului Social Democrat, \u0219i consider\u0103m c\u0103 acesta trebuie s\u0103 r\u0103m\u00e2n\u0103 premier, rezultatele guvern\u0103rii reprezent\u00e2nd argumentul determinant.<\/p>\n<p>Cre\u0219terea economic\u0103 din ultimii trei ani este una durabil\u0103, cu impact pozitiv asupra nivelului de trai al rom\u00e2nilor. Aceste rezultate nu sunt doar pe h\u00e2rtie, ci ele \u00eencep d\u00e9j\u00e0 s\u0103 se simt\u0103 \u0219i \u00een buzunarele rom\u00e2nilor. Este ciudat modul \u00een care aceasta ac\u021biune vine dup\u0103 ce Guvernul condus de Victor Ponta a luat s\u0103pt\u0103m\u00e2na trecut\u0103 dou\u0103 m\u0103suri de mare impact economic si social, si anume reducerea TVA la alimente de la 24% la 9% \u0219i dublarea aloca\u021biilor pentru copii. De asemenea de la preluarea guvern\u0103rii \u00een anul 2012, au fost crescute pensile \u0219i salariile, dup\u0103 dezastrul economic realizat de c\u0103tre guvernul PDL.<\/p>\n<p>TSD Giurgiu este al\u0103turi de Victor Ponta \u0219i subliniaz\u0103 nevoia de a separa foarte clar atribu\u021biile politicului de cele ale Justi\u021biei. In acela\u0219i timp, TSD condamn\u0103 ferm orice ac\u021biune de a utiliza justi\u021bia drept mijloc de presiune asupra politicului, av\u00e2nd \u00een vedere c\u0103 acuza\u021biile care se aduc premierului au coincis cu depunerea in Parlamentul Rom\u00e2niei a unei mo\u021biuni de cenzur\u0103 \u00eempotriva Guvernului. Parlamentul este singura institu\u021bie care poate s\u0103 decid\u0103 dac\u0103 Victor Ponta are sau nu legitimitatea de a ocupa func\u021bia de prim-ministru, asta dac\u0103 nu vrem s\u0103 d\u0103m uit\u0103rii separa\u021bia fireasc\u0103 a puterilor \u00een stat. TSD Giurgiu&#8221;<\/p>\n<p>&nbsp;<\/p>\n","protected":false},"excerpt":{"rendered":"<p>Av\u00e2nd \u00een vedere ultimele evenimente petrecute in spa\u021biul public cu privire la acuza\u021biile care i se aduc domnului Victor Ponta, Tineretul Social Democrat Giurgiu vine cu\u00a0urmatoarele preciz\u0103ri :<\/p>\n","protected":false},"author":1,"featured_media":39796,"comment_status":"open","ping_status":"open","sticky":false,"template":"","format":"standard","meta":{"slim_seo":{"title":"TSD Giurgiu \u00ee\u0219i exprim\u0103 sus\u021binerea pentru Victor Ponta - GIURGIU NET","description":"Av\u00e2nd \u00een vedere ultimele evenimente petrecute in spa\u021biul public cu privire la acuza\u021biile care i se aduc domnului Victor Ponta, Tineretul Social Democrat Giurgiu"},"footnotes":""},"categories":[19,25],"tags":[2666,2747],"class_list":{"0":"post-39795","1":"post","2":"type-post","3":"status-publish","4":"format-standard","5":"has-post-thumbnail","7":"category-adm","8":"category-pol","9":"tag-tsd-giurgiu","10":"tag-victor-ponta"},"_links":{"self":[{"href":"https:\/\/giurgiu-net.ro\/index.php\/wp-json\/wp\/v2\/posts\/39795","targetHints":{"allow":["GET"]}}],"collection":[{"href":"https:\/\/giurgiu-net.ro\/index.php\/wp-json\/wp\/v2\/posts"}],"about":[{"href":"https:\/\/giurgiu-net.ro\/index.php\/wp-json\/wp\/v2\/types\/post"}],"author":[{"embeddable":true,"href":"https:\/\/giurgiu-net.ro\/index.php\/wp-json\/wp\/v2\/users\/1"}],"replies":[{"embeddable":true,"href":"https:\/\/giurgiu-net.ro\/index.php\/wp-json\/wp\/v2\/comments?post=39795"}],"version-history":[{"count":0,"href":"https:\/\/giurgiu-net.ro\/index.php\/wp-json\/wp\/v2\/posts\/39795\/revisions"}],"wp:featuredmedia":[{"embeddable":true,"href":"https:\/\/giurgiu-net.ro\/index.php\/wp-json\/"}],"wp:attachment":[{"href":"https:\/\/giurgiu-net.ro\/index.php\/wp-json\/wp\/v2\/media?parent=39795"}],"wp:term":[{"taxonomy":"category","embeddable":true,"href":"https:\/\/giurgiu-net.ro\/index.php\/wp-json\/wp\/v2\/categories?post=39795"},{"taxonomy":"post_tag","embeddable":true,"href":"https:\/\/giurgiu-net.ro\/index.php\/wp-json\/wp\/v2\/tags?post=39795"}],"curies":[{"name":"wp","href":"https:\/\/api.w.org\/{rel}","templated":true}]}}