{"id":39788,"date":"2015-06-05T19:38:22","date_gmt":"2015-06-05T16:38:22","guid":{"rendered":"http:\/\/giurgiu-net.ro\/?p=39788"},"modified":"2015-06-05T19:38:22","modified_gmt":"2015-06-05T16:38:22","slug":"romanii-s-au-mobilizat-alaturi-de-victor-ponta","status":"publish","type":"post","link":"https:\/\/giurgiu-net.ro\/index.php\/2015\/06\/05\/romanii-s-au-mobilizat-alaturi-de-victor-ponta\/","title":{"rendered":"Rom\u00e2nii s-au mobilizat: Al\u0103turi de Victor Ponta!"},"content":{"rendered":"<p>Re\u0163eaua de socializare Facebook a fost &#8222;cucerit\u0103&#8221;, \u00een aceast\u0103 sear\u0103, de mii de rom\u00e2ni care au distribuit un mesaj de sus\u0163inere a premierului Victor Ponta.<!--more--><\/p>\n<p><a href=\"https:\/\/giurgiu-net.ro\/wp-content\/uploads\/2015\/06\/alaturi-de-Victor-Ponta-1.jpg\"><img loading=\"lazy\" decoding=\"async\" class=\"aligncenter size-large wp-image-39789\" src=\"https:\/\/giurgiu-net.ro\/wp-content\/uploads\/2015\/06\/alaturi-de-Victor-Ponta-1-300x201.jpg\" alt=\"alaturi de Victor Ponta 1\" width=\"300\" height=\"201\" \/><\/a><\/p>\n<p>&#8222;Pensii \u015fi salarii readuse la nivelul dinaintea t\u0103ierilor practicate de PDL-ul mascat \u00een PNL-ul de azi, reducerea CAS, a TVA-ului la alimente \u015fi multe alte m\u0103suri ce au reu\u015fit s\u0103 duc\u0103 economia Rom\u00e2niei pe plus i-au convins pe rom\u00e2nii care sunt al\u0103turi de Victor Ponta, nu doar pe re\u0163ele de socializare, ci \u015fi \u00een via\u0163a de zi cu zi&#8221;, scriu sus\u0163in\u0103torii premierului pe paginile lor de pe Facebook.<\/p>\n<p>Mesajul continu\u0103 s\u0103 fie preluat de oameni, \u00een semn de solidaritate cu premierul Victor Ponta.<\/p>\n<p>&nbsp;<\/p>\n","protected":false},"excerpt":{"rendered":"<p>Re\u0163eaua de socializare Facebook a fost &#8222;cucerit\u0103&#8221;, \u00een aceast\u0103 sear\u0103, de mii de rom\u00e2ni care au distribuit un mesaj de sus\u0163inere a premierului Victor Ponta.<\/p>\n","protected":false},"author":1,"featured_media":39789,"comment_status":"open","ping_status":"open","sticky":false,"template":"","format":"standard","meta":{"slim_seo":{"title":"Rom\u00e2nii s-au mobilizat: Al\u0103turi de Victor Ponta! - GIURGIU NET","description":"Re\u0163eaua de socializare Facebook a fost \"cucerit\u0103\", \u00een aceast\u0103 sear\u0103, de mii de rom\u00e2ni care au distribuit un mesaj de sus\u0163inere a premierului Victor Ponta. \"Pens"},"footnotes":""},"categories":[18,19,25],"tags":[1087,1280,1940,2250,2747],"class_list":{"0":"post-39788","1":"post","2":"type-post","3":"status-publish","4":"format-standard","5":"has-post-thumbnail","7":"category-actual","8":"category-adm","9":"category-pol","10":"tag-facebook","11":"tag-guvern-psd","12":"tag-pdl","13":"tag-psd","14":"tag-victor-ponta"},"_links":{"self":[{"href":"https:\/\/giurgiu-net.ro\/index.php\/wp-json\/wp\/v2\/posts\/39788","targetHints":{"allow":["GET"]}}],"collection":[{"href":"https:\/\/giurgiu-net.ro\/index.php\/wp-json\/wp\/v2\/posts"}],"about":[{"href":"https:\/\/giurgiu-net.ro\/index.php\/wp-json\/wp\/v2\/types\/post"}],"author":[{"embeddable":true,"href":"https:\/\/giurgiu-net.ro\/index.php\/wp-json\/wp\/v2\/users\/1"}],"replies":[{"embeddable":true,"href":"https:\/\/giurgiu-net.ro\/index.php\/wp-json\/wp\/v2\/comments?post=39788"}],"version-history":[{"count":0,"href":"https:\/\/giurgiu-net.ro\/index.php\/wp-json\/wp\/v2\/posts\/39788\/revisions"}],"wp:featuredmedia":[{"embeddable":true,"href":"https:\/\/giurgiu-net.ro\/index.php\/wp-json\/"}],"wp:attachment":[{"href":"https:\/\/giurgiu-net.ro\/index.php\/wp-json\/wp\/v2\/media?parent=39788"}],"wp:term":[{"taxonomy":"category","embeddable":true,"href":"https:\/\/giurgiu-net.ro\/index.php\/wp-json\/wp\/v2\/categories?post=39788"},{"taxonomy":"post_tag","embeddable":true,"href":"https:\/\/giurgiu-net.ro\/index.php\/wp-json\/wp\/v2\/tags?post=39788"}],"curies":[{"name":"wp","href":"https:\/\/api.w.org\/{rel}","templated":true}]}}