{"id":39784,"date":"2015-06-05T15:51:15","date_gmt":"2015-06-05T12:51:15","guid":{"rendered":"http:\/\/giurgiu-net.ro\/?p=39784"},"modified":"2015-06-05T15:51:15","modified_gmt":"2015-06-05T12:51:15","slug":"victor-ponta-sustinut-de-organizatia-judeteana-a-psd-giurgiu","status":"publish","type":"post","link":"https:\/\/giurgiu-net.ro\/index.php\/2015\/06\/05\/victor-ponta-sustinut-de-organizatia-judeteana-a-psd-giurgiu\/","title":{"rendered":"Victor Ponta, sus\u0163inut de Organiza\u0163ia Jude\u0163ean\u0103 a PSD Giurgiu"},"content":{"rendered":"<p>Av\u00e2nd \u00een vedere ultimele evenimente cu privire la acuza\u0163iile aduse premierului Victor Ponta, Organiza\u0163ia Jude\u0163ean\u0103 a PSD Giurgiu face urm\u0103toarele preciz\u0103ri :<!--more--><\/p>\n<p>Consider\u0103m ac\u0163iunea procurorilor DNA de \u00eencepere a urm\u0103ririi penale \u00eempotriva premierului Victor Ponta, chiar \u00een ziua depunerii de c\u0103tre opozi\u0163ie a unei mo\u0163iuni de cenzur\u0103 , ca o implicare abuziv\u0103 \u015fi nedemocratic\u0103 \u00een via\u0163a politic\u0103 din Rom\u00e2nia.<\/p>\n<p>Respingem\u00a0 graba cu care pre\u015fedintele Iohannis l-a considerat vinovat, cer\u00e2ndu-i demisia, deoarece, ca orice cet\u0103\u0163ean, \u015fi premierul Rom\u00e2niei se bucur\u0103 de prezum\u0163ia de nevinov\u0103\u0163ie.<\/p>\n<p>Victor Ponta este premierul Rom\u00e2niei,\u00a0 \u00een baza unui mandat clar primit de la cet\u0103\u0163eni la alegerile din 2012, iar progresele f\u0103cute de \u0163ara noastr\u0103 pe plan economic demonstreaz\u0103\u00a0 c\u0103 este cel mai bun prim ministru din ultimii 25 de ani.<\/p>\n<p>Consider\u0103m c\u0103 premierul trebuie s\u0103-\u015fi duca p\u00e2n\u0103 la cap\u0103t mandatul \u00eencredin\u0163at de rom\u00e2ni \u015fi Parlament, deoarece pe agenda Guvernului sun\u0163 teme importante care trebuie finalizate .<\/p>\n<p>Organiza\u0163ia Jude\u0163ean\u0103 a PSD Giurgiu \u00ee\u015fi exprim\u0103 totala sus\u0163inere fa\u0163\u0103 de Victor Ponta, at\u00e2t \u00een calitate de prim ministru c\u00e2t \u015fi de pre\u015fedinte al partidului, deoarece, \u00eentr-o \u0163ar\u0103 democratic\u0103, vinov\u0103\u0163ia este stabilit\u0103 de instan\u0163a de judecat\u0103 \u015fi nu de o suspiciune, chiar\u00a0 \u015fi rezonabil\u0103 a procurorilor DNA.<\/p>\n<p><strong>Biroul Executiv al Organiza\u0163iei Jude\u0163ene a PSD\u00a0 Giurgiu<\/strong><\/p>\n","protected":false},"excerpt":{"rendered":"<p>Av\u00e2nd \u00een vedere ultimele evenimente cu privire la acuza\u0163iile aduse premierului Victor Ponta, Organiza\u0163ia Jude\u0163ean\u0103 a PSD Giurgiu face urm\u0103toarele preciz\u0103ri :<\/p>\n","protected":false},"author":1,"featured_media":36922,"comment_status":"open","ping_status":"open","sticky":false,"template":"","format":"standard","meta":{"slim_seo":{"title":"Victor Ponta, sus\u0163inut de Organiza\u0163ia Jude\u0163ean\u0103 a PSD Giurgiu - GIURGIU NET","description":"Av\u00e2nd \u00een vedere ultimele evenimente cu privire la acuza\u0163iile aduse premierului Victor Ponta, Organiza\u0163ia Jude\u0163ean\u0103 a PSD Giurgiu face urm\u0103toarele preciz\u0103ri : Co"},"footnotes":""},"categories":[18,19,25],"tags":[2256,2747],"class_list":{"0":"post-39784","1":"post","2":"type-post","3":"status-publish","4":"format-standard","5":"has-post-thumbnail","7":"category-actual","8":"category-adm","9":"category-pol","10":"tag-psd-giurgiu","11":"tag-victor-ponta"},"_links":{"self":[{"href":"https:\/\/giurgiu-net.ro\/index.php\/wp-json\/wp\/v2\/posts\/39784","targetHints":{"allow":["GET"]}}],"collection":[{"href":"https:\/\/giurgiu-net.ro\/index.php\/wp-json\/wp\/v2\/posts"}],"about":[{"href":"https:\/\/giurgiu-net.ro\/index.php\/wp-json\/wp\/v2\/types\/post"}],"author":[{"embeddable":true,"href":"https:\/\/giurgiu-net.ro\/index.php\/wp-json\/wp\/v2\/users\/1"}],"replies":[{"embeddable":true,"href":"https:\/\/giurgiu-net.ro\/index.php\/wp-json\/wp\/v2\/comments?post=39784"}],"version-history":[{"count":0,"href":"https:\/\/giurgiu-net.ro\/index.php\/wp-json\/wp\/v2\/posts\/39784\/revisions"}],"wp:featuredmedia":[{"embeddable":true,"href":"https:\/\/giurgiu-net.ro\/index.php\/wp-json\/wp\/v2\/media\/36922"}],"wp:attachment":[{"href":"https:\/\/giurgiu-net.ro\/index.php\/wp-json\/wp\/v2\/media?parent=39784"}],"wp:term":[{"taxonomy":"category","embeddable":true,"href":"https:\/\/giurgiu-net.ro\/index.php\/wp-json\/wp\/v2\/categories?post=39784"},{"taxonomy":"post_tag","embeddable":true,"href":"https:\/\/giurgiu-net.ro\/index.php\/wp-json\/wp\/v2\/tags?post=39784"}],"curies":[{"name":"wp","href":"https:\/\/api.w.org\/{rel}","templated":true}]}}