{"id":39534,"date":"2015-05-18T15:20:18","date_gmt":"2015-05-18T12:20:18","guid":{"rendered":"http:\/\/giurgiu-net.ro\/?p=39534"},"modified":"2015-05-18T15:20:18","modified_gmt":"2015-05-18T12:20:18","slug":"liberalii-criticati-dur-de-social-democratii-giurgiuveni-dupa-reactia-in-cazul-dragnea","status":"publish","type":"post","link":"https:\/\/giurgiu-net.ro\/index.php\/2015\/05\/18\/liberalii-criticati-dur-de-social-democratii-giurgiuveni-dupa-reactia-in-cazul-dragnea\/","title":{"rendered":"Liberalii, critica\u0163i dur de social-democra\u0163ii giurgiuveni dup\u0103 reac\u0163ia \u00een cazul Dragnea"},"content":{"rendered":"<p><em>\u201cDe remarcat este, din p\u0103cate, ipocrizia celor din PNL care fraternizeaz\u0103 acum cu cei pe care i-au dat jos \u00een 2012. Ipocrizia celor care au \u00eendemnat, atunci, oamenii s\u0103 ias\u0103 la vot ca s\u0103-l \u00eenl\u0103ture pe Traian B\u0103sescu\u201d<\/em>, spunea, \u00eentr-o recent\u0103 conferin\u0163\u0103 de pres\u0103, purt\u0103torul de cuv\u00e2nt al PSD Giurgiu.<\/p>\n<p><!--more--><\/p>\n<p>La \u00eent\u00e2lnirea cu presa local\u0103, s\u00e2mb\u0103t\u0103, 16 mai, social-democra\u0163ii giurgiuveni, prin glasul liderilor lor, odat\u0103 cu anun\u0163area sprijinului fa\u0163\u0103 de Liviu Dragnea, au criticat atitutdinea fo\u015ftilor colegi de alian\u0163\u0103.<a href=\"https:\/\/giurgiu-net.ro\/wp-content\/uploads\/2015\/05\/DSC0089-001.jpg\"><img loading=\"lazy\" decoding=\"async\" class=\"aligncenter wp-image-39432 size-large\" src=\"https:\/\/giurgiu-net.ro\/wp-content\/uploads\/2015\/05\/DSC0089-001-300x288.jpg\" alt=\"_DSC0089-001\" width=\"300\" height=\"288\" \/><\/a><\/p>\n<p><em>\u201c\u00cen 2012, USL reu\u015fea s\u0103-i \u00eenl\u0103ture de la \u015fefia Camerei Deputa\u0163ilor \u015fi Senatului pe Roberta Anastase \u015fi Vasile Blaga. \u00cen locul acestuia din urm\u0103 urca Crin Antonescu cel care a fost \u015fi pre\u015fedinte interimar al Rom\u00e2niei. Mare parte din echipa PNL de atunci, care a ob\u0163inut voturile a 7,4 milioane de rom\u00e2ni, a decis, \u00een prezent s\u0103 fraternizeze cu cei pe care i-au dat jos. Dac\u0103 PNL ar fi \u00eentr-adev\u0103r acel partid istoric \u015fi care se respect\u0103, ar trebui s\u0103 l\u0103mureasc\u0103 odat\u0103 pentru totdeauna: care este atitudinea corect\u0103 din punctul lor de vedere, aceea de la Referendumul privind demiterea lui Traian B\u0103sescu sau cea de acum? Au s\u0103rit ca p\u0103s\u0103rile de prad\u0103 s\u0103-I cear\u0103 demisia lui Liviu Dragnea, dar nu au cerut, atunci, oamenilor acela\u015fi lucru ca \u015fi el?\u201d<\/em>, a mai declarat \u00een conferin\u0163a de pres\u0103 men\u0163ionat\u0103 R\u0103zvan Cuc.<a href=\"https:\/\/giurgiu-net.ro\/wp-content\/uploads\/2015\/05\/DSC01461.jpg\"><img loading=\"lazy\" decoding=\"async\" class=\"aligncenter wp-image-39498 size-large\" src=\"https:\/\/giurgiu-net.ro\/wp-content\/uploads\/2015\/05\/DSC01461-266x300.jpg\" alt=\"_DSC0146\" width=\"266\" height=\"300\" \/><\/a><\/p>\n<p>La r\u00e2ndul s\u0103u, Alexandru Andrei, pre\u015fedinte al OSIM, a spus c\u0103, \u00een opinia sa, \u201cliberalii au ratat ocazia s\u0103 tac\u0103\u201d. <em>\u201cErau al\u0103turi de noi, \u00een 2012, la Referendumul \u00een cazul c\u0103ruia acum Liviu Dragnea este acuzat. C\u00e2nd au fost serio\u015fi, atunci c\u00e2nd au declarat c\u0103 totul a decurs corect \u015fi normal, ca procedur\u0103 de vot, sau acum c\u00e2nd cer demisia lui Liviu Dragnea? Atitudinea lor din aceste zile reprezint\u0103 o nou\u0103 dovad\u0103 c\u0103 PNL a r\u0103mas doar cu numele, pentru c\u0103 vorbim de fapt despre vechea gard\u0103 PDL-ist\u0103 care comand\u0103 acolo\u201d<\/em>, a precizat Alexandru Andrei.<\/p>\n<p>C.S.<\/p>\n<p style=\"margin: 0cm; margin-bottom: .0001pt; background: white;\"><span style=\"font-size: 14.0pt; color: #141823;\">\u00a0<\/span><\/p>\n","protected":false},"excerpt":{"rendered":"<p>\u201cDe remarcat este, din p\u0103cate, ipocrizia celor din PNL care fraternizeaz\u0103 acum cu cei pe care i-au dat jos \u00een 2012. Ipocrizia celor care au \u00eendemnat, atunci, oamenii s\u0103 ias\u0103 la vot ca s\u0103-l \u00eenl\u0103ture pe Traian B\u0103sescu\u201d, spunea, \u00eentr-o recent\u0103 conferin\u0163\u0103 de pres\u0103, purt\u0103torul de cuv\u00e2nt al PSD Giurgiu.<\/p>\n","protected":false},"author":1,"featured_media":39432,"comment_status":"open","ping_status":"open","sticky":false,"template":"","format":"standard","meta":{"slim_seo":{"title":"Liberalii, critica\u0163i dur de social-democra\u0163ii giurgiuveni dup\u0103 reac\u0163ia \u00een cazul Dragnea - GIURGIU NET","description":"\u201cDe remarcat este, din p\u0103cate, ipocrizia celor din PNL care fraternizeaz\u0103 acum cu cei pe care i-au dat jos \u00een 2012. Ipocrizia celor care au \u00eendemnat, atunci, oa"},"footnotes":""},"categories":[22,25],"tags":[],"class_list":{"0":"post-39534","1":"post","2":"type-post","3":"status-publish","4":"format-standard","5":"has-post-thumbnail","7":"category-nt","8":"category-pol"},"_links":{"self":[{"href":"https:\/\/giurgiu-net.ro\/index.php\/wp-json\/wp\/v2\/posts\/39534","targetHints":{"allow":["GET"]}}],"collection":[{"href":"https:\/\/giurgiu-net.ro\/index.php\/wp-json\/wp\/v2\/posts"}],"about":[{"href":"https:\/\/giurgiu-net.ro\/index.php\/wp-json\/wp\/v2\/types\/post"}],"author":[{"embeddable":true,"href":"https:\/\/giurgiu-net.ro\/index.php\/wp-json\/wp\/v2\/users\/1"}],"replies":[{"embeddable":true,"href":"https:\/\/giurgiu-net.ro\/index.php\/wp-json\/wp\/v2\/comments?post=39534"}],"version-history":[{"count":0,"href":"https:\/\/giurgiu-net.ro\/index.php\/wp-json\/wp\/v2\/posts\/39534\/revisions"}],"wp:featuredmedia":[{"embeddable":true,"href":"https:\/\/giurgiu-net.ro\/index.php\/wp-json\/"}],"wp:attachment":[{"href":"https:\/\/giurgiu-net.ro\/index.php\/wp-json\/wp\/v2\/media?parent=39534"}],"wp:term":[{"taxonomy":"category","embeddable":true,"href":"https:\/\/giurgiu-net.ro\/index.php\/wp-json\/wp\/v2\/categories?post=39534"},{"taxonomy":"post_tag","embeddable":true,"href":"https:\/\/giurgiu-net.ro\/index.php\/wp-json\/wp\/v2\/tags?post=39534"}],"curies":[{"name":"wp","href":"https:\/\/api.w.org\/{rel}","templated":true}]}}