{"id":39501,"date":"2015-05-16T16:07:48","date_gmt":"2015-05-16T13:07:48","guid":{"rendered":"http:\/\/giurgiu-net.ro\/?p=39501"},"modified":"2015-05-16T16:07:48","modified_gmt":"2015-05-16T13:07:48","slug":"mesajul-senatorului-niculae-badalau-pentru-sustinerea-lui-liviu-dragnea","status":"publish","type":"post","link":"https:\/\/giurgiu-net.ro\/index.php\/2015\/05\/16\/mesajul-senatorului-niculae-badalau-pentru-sustinerea-lui-liviu-dragnea\/","title":{"rendered":"Mesajul senatorului Niculae B\u0103d\u0103l\u0103u pentru sus\u0163inerea lui Liviu Dragnea"},"content":{"rendered":"<p><!--more-->\u00cen cadrul conferin\u0163ei de pres\u0103 a PSD Giurgiu, s\u00e2mb\u0103t\u0103, 16 mai, social-democratul <strong>Marian Mina<\/strong> a dat citire mesajului liderului PSD Giurgiu, senatorul Niculae B\u0103d\u0103l\u0103u:<\/p>\n<p><em><img loading=\"lazy\" decoding=\"async\" class=\"aligncenter wp-image-39502 size-large\" src=\"https:\/\/giurgiu-net.ro\/wp-content\/uploads\/2015\/05\/DSC0143-285x300.jpg\" alt=\"_DSC0143\" width=\"285\" height=\"300\" \/>&#8221; Ne afl\u0103m ast\u0103zi \u00een plin proces de descalificare \u0219i prigonire masiv\u0103 a politicienilor. Nou\u0103, parlamentarilor, ni s-a luat demnitatea \u0219i respectul, prin demersuri sus\u021binute de minimalizare a importan\u021bei rolului statului de drept \u0219i a democra\u021biei pe care \u00eencerc\u0103m s\u0103 le ap\u0103r\u0103m. PSD este acum, cu toate criticile care i se aduc, un partid compus din oameni solidariza\u021bi prin rezisten\u021b\u0103. Lua\u021bi persoan\u0103 cu persoan\u0103, fiecare probeaz\u0103 capacitatea de a colabora \u00een cadrul\u00a0unei structuri suprapersonale. <\/em><\/p>\n<p><em>Dedic acest discurs domnului Dragnea, pentru \u00een\u021belepciunea, r\u0103bdarea \u0219i prietenia cu care mi-a \u00eenso\u021bit pa\u0219ii \u00een cei peste 15 de ani de c\u0103l\u0103torie pe drumurile sinuoase ale partidului \u00een care am fost colegi. Regret foarte mult c\u0103 domnul ministru \u0219i pre\u0219edinte executiv al PSD, tr\u0103ie\u0219te astfel de momente, fiindc\u0103 este un lider politic important al Rom\u00e2niei de ast\u0103zi. Presta\u021bia sa at\u00e2t de om politic c\u00e2t \u0219i de om care a condus o \u00eentreag\u0103 administa\u021bie este de o calitate ne\u00eendoielnic\u0103. <\/em><\/p>\n<p><em>Este regretabil ce i se intampl\u0103. \u00cen aceste \u00eemprejur\u0103ri triste \u021bin s\u0103 v\u0103 mul\u021bumesc, drag prieten, pentru respectul pe care l-a\u021bi ar\u0103tat colegilor din Partidul Social Democrat, pentru dorin\u021ba de a da o speran\u021b\u0103 at\u00e2t rom\u00e2nilor \u00een general c\u00e2t \u0219i giurgiuvenilor \u00een special. \u00a0V\u0103 mul\u021bumesc pentru \u0219ansa pe care a\u021bi dat-o partidului ca \u00eempreun\u0103 s\u0103 facem cea mai spectaculoas\u0103 revenire a PSD din ultimii ani! <\/em><\/p>\n<p><em>V\u0103 mul\u021bumesc c\u0103 a\u021bi luptat pentru singura oper\u0103 pe care o avem de \u00eemplinit ca rom\u00e2ni: democra\u021bie, stat de drept \u0219i independen\u0163a justi\u0163iei. Cu toate c\u0103, dup\u0103 cum se vede suntem nevoi\u021bi s\u0103 dep\u0103\u0219im o perioad\u0103 extrem de grea, o complexitate de bariere \u0219i de decep\u021bii, speran\u021ba mea r\u0103m\u00e2ne c\u0103 nu peste mul\u021bi ani, Rom\u00e2nia va fi invidiat\u0103 iar bun\u0103starea rom\u00e2nilor, pe care ne-am str\u0103duim \u00eempreun\u0103, drag prieten s\u0103 o asigur\u0103m, nu va mai fi deziderat. Am \u00eencredere c\u0103 justi\u021bia va face dreptate&#8221;.<\/em><\/p>\n","protected":false},"excerpt":{"rendered":"","protected":false},"author":1,"featured_media":38791,"comment_status":"open","ping_status":"open","sticky":false,"template":"","format":"standard","meta":{"slim_seo":{"title":"Mesajul senatorului Niculae B\u0103d\u0103l\u0103u pentru sus\u0163inerea lui Liviu Dragnea - GIURGIU NET","description":"\u00cen cadrul conferin\u0163ei de pres\u0103 a PSD Giurgiu, s\u00e2mb\u0103t\u0103, 16 mai, social-democratul Marian Mina a dat citire mesajului liderului PSD Giurgiu, senatorul Niculae B\u0103d"},"footnotes":""},"categories":[18,25],"tags":[1554,1839,2256],"class_list":{"0":"post-39501","1":"post","2":"type-post","3":"status-publish","4":"format-standard","5":"has-post-thumbnail","7":"category-actual","8":"category-pol","9":"tag-liviu-dragnea","10":"tag-niculae-badalau","11":"tag-psd-giurgiu"},"_links":{"self":[{"href":"https:\/\/giurgiu-net.ro\/index.php\/wp-json\/wp\/v2\/posts\/39501","targetHints":{"allow":["GET"]}}],"collection":[{"href":"https:\/\/giurgiu-net.ro\/index.php\/wp-json\/wp\/v2\/posts"}],"about":[{"href":"https:\/\/giurgiu-net.ro\/index.php\/wp-json\/wp\/v2\/types\/post"}],"author":[{"embeddable":true,"href":"https:\/\/giurgiu-net.ro\/index.php\/wp-json\/wp\/v2\/users\/1"}],"replies":[{"embeddable":true,"href":"https:\/\/giurgiu-net.ro\/index.php\/wp-json\/wp\/v2\/comments?post=39501"}],"version-history":[{"count":0,"href":"https:\/\/giurgiu-net.ro\/index.php\/wp-json\/wp\/v2\/posts\/39501\/revisions"}],"wp:featuredmedia":[{"embeddable":true,"href":"https:\/\/giurgiu-net.ro\/index.php\/wp-json\/"}],"wp:attachment":[{"href":"https:\/\/giurgiu-net.ro\/index.php\/wp-json\/wp\/v2\/media?parent=39501"}],"wp:term":[{"taxonomy":"category","embeddable":true,"href":"https:\/\/giurgiu-net.ro\/index.php\/wp-json\/wp\/v2\/categories?post=39501"},{"taxonomy":"post_tag","embeddable":true,"href":"https:\/\/giurgiu-net.ro\/index.php\/wp-json\/wp\/v2\/tags?post=39501"}],"curies":[{"name":"wp","href":"https:\/\/api.w.org\/{rel}","templated":true}]}}