{"id":39407,"date":"2015-05-13T13:19:52","date_gmt":"2015-05-13T10:19:52","guid":{"rendered":"http:\/\/giurgiu-net.ro\/?p=39407"},"modified":"2015-05-13T13:19:52","modified_gmt":"2015-05-13T10:19:52","slug":"gabriela-podascapsd-catalin-predoiu-nu-stie-ce-face-guvernul-pentru-tineri","status":"publish","type":"post","link":"https:\/\/giurgiu-net.ro\/index.php\/2015\/05\/13\/gabriela-podascapsd-catalin-predoiu-nu-stie-ce-face-guvernul-pentru-tineri\/","title":{"rendered":"Gabriela Poda\u015fc\u0103(PSD): C\u0103t\u0103lin Predoiu nu \u015ftie ce face Guvernul pentru tineri"},"content":{"rendered":"<p><strong>Purt\u0103torul de cuv\u00e2nt al PSD, Gabriela Poda\u015fc\u0103, a respins miercuri, 13 mai, acuza\u0163iile prim-vicepre\u015fedintelui PNL C\u0103t\u0103lin Predoiu privind politicile Guvernului Ponta pentru sus\u0163inerea tinerilor, scrie site-ul <a href=\"https:\/\/www.psd.ro\">www.psd.ro<\/a>, prelu\u00e2nd un articol al agen\u0163iei de pres\u0103 AGERPRES.<\/strong><!--more--><\/p>\n<p><em>&#8222;Programul &#8216;Tineri \u00centreprinz\u0103tori&#8217; \u00eencurajeaz\u0103 tinerii cu v\u00e2rsta de p\u00e2n\u0103 la 35 de ani s\u0103 aplice pentru finan\u0163are nerambursabil\u0103 de p\u00e2n\u0103 la 10.000 de euro. Programul &#8216;Start&#8217; prevede finan\u0163\u0103ri nerambursabile de p\u00e2n\u0103 la 100.000 de lei pentru tineri care doresc s\u0103 \u00eenfiin\u0163eze o afacere nou\u0103. Programul &#8216;Garan\u0163ia pentru tineri&#8217; aloc\u0103 470 milioane de euro pentru cei care doresc s\u0103 se preg\u0103teasc\u0103 pentru un loc de munc\u0103. Salariile medicilor reziden\u0163i au fost majorate \u00een ultimul an \u015fi le-au fost acordate burse lunare \u00een valoare de 150 de euro. Toate acestea sunt m\u0103suri ce urm\u0103resc sc\u0103derea num\u0103rului de tineri care aleg s\u0103 plece din Rom\u00e2nia&#8221;<\/em>, declar\u0103 Gabriela Poda\u015fc\u0103, conform unui comunicat de pres\u0103.<\/p>\n<p>Purt\u0103torul de cuv\u00e2nt al PSD consider\u0103 c\u0103 prin declara\u0163iile pe care le face C\u0103t\u0103lin Predoiu arat\u0103 c\u0103 nu \u00een\u0163elege care sunt problemele cu care se confrunt\u0103 ast\u0103zi tinerii \u015fi nici care sunt m\u0103surile care pot veni \u00een sprijinul lor.<\/p>\n<p><em>&#8222;Nu are nicio idee concret\u0103 despre ce ar trebui f\u0103cut pentru tineri, nu a venit niciodat\u0103 cu vreo propunere dedicat\u0103 tinerilor. Iar atunci c\u00e2nd a fost \u00een Guvern, Predoiu a sprijinit t\u0103ierea salariilor cu 25%, m\u0103sur\u0103 care a afectat \u00een mod special salaria\u0163ii tineri, a sprijinit t\u0103ierea indemniza\u0163iei pentru mame \u015fi a contribuit la desfiin\u0163area a sute de mii de locuri de munc\u0103, printre primii care au fost da\u0163i afar\u0103 fiind angaja\u0163ii tineri. Predoiu nu merit\u0103 s\u0103 ajung\u0103 prim-ministru, nu are calit\u0103\u0163ile necesare \u015fi nu are nici m\u0103car sus\u0163inerea colegilor din PNL, care nu \u00eel doresc \u00een aceast\u0103 func\u0163ie&#8221;<\/em>, afirm\u0103 Gabriela Poda\u015fc\u0103.<\/p>\n<p>Prim-vicepre\u015fedintele PNL C\u0103t\u0103lin Predoiu a sus\u0163inut mar\u0163i c\u0103 Executivul Ponta nu face nimic pentru a stopa migra\u0163ia tinerilor.<\/p>\n<p>Articol AGERPRES preluat de pe site-ul www.psd.ro<\/p>\n","protected":false},"excerpt":{"rendered":"<p>Purt\u0103torul de cuv\u00e2nt al PSD, Gabriela Poda\u015fc\u0103, a respins miercuri, 13 mai, acuza\u0163iile prim-vicepre\u015fedintelui PNL C\u0103t\u0103lin Predoiu privind politicile Guvernului Ponta pentru sus\u0163inerea tinerilor, scrie site-ul www.psd.ro, prelu\u00e2nd un articol al agen\u0163iei de pres\u0103 AGERPRES.<\/p>\n","protected":false},"author":1,"featured_media":39408,"comment_status":"open","ping_status":"open","sticky":false,"template":"","format":"standard","meta":{"slim_seo":{"title":"Gabriela Poda\u015fc\u0103(PSD): C\u0103t\u0103lin Predoiu nu \u015ftie ce face Guvernul pentru tineri - GIURGIU NET","description":"Purt\u0103torul de cuv\u00e2nt al PSD, Gabriela Poda\u015fc\u0103, a respins miercuri, 13 mai, acuza\u0163iile prim-vicepre\u015fedintelui PNL C\u0103t\u0103lin Predoiu privind politicile Guvernului P"},"footnotes":""},"categories":[22,25],"tags":[546,1193,2250,2632],"class_list":["post-39407","post","type-post","status-publish","format-standard","has-post-thumbnail","category-nt","category-pol","tag-catalin-predoiu","tag-gabriela-podasca","tag-psd","tag-tineri-intreprinzatori"],"_links":{"self":[{"href":"https:\/\/giurgiu-net.ro\/index.php\/wp-json\/wp\/v2\/posts\/39407","targetHints":{"allow":["GET"]}}],"collection":[{"href":"https:\/\/giurgiu-net.ro\/index.php\/wp-json\/wp\/v2\/posts"}],"about":[{"href":"https:\/\/giurgiu-net.ro\/index.php\/wp-json\/wp\/v2\/types\/post"}],"author":[{"embeddable":true,"href":"https:\/\/giurgiu-net.ro\/index.php\/wp-json\/wp\/v2\/users\/1"}],"replies":[{"embeddable":true,"href":"https:\/\/giurgiu-net.ro\/index.php\/wp-json\/wp\/v2\/comments?post=39407"}],"version-history":[{"count":0,"href":"https:\/\/giurgiu-net.ro\/index.php\/wp-json\/wp\/v2\/posts\/39407\/revisions"}],"wp:attachment":[{"href":"https:\/\/giurgiu-net.ro\/index.php\/wp-json\/wp\/v2\/media?parent=39407"}],"wp:term":[{"taxonomy":"category","embeddable":true,"href":"https:\/\/giurgiu-net.ro\/index.php\/wp-json\/wp\/v2\/categories?post=39407"},{"taxonomy":"post_tag","embeddable":true,"href":"https:\/\/giurgiu-net.ro\/index.php\/wp-json\/wp\/v2\/tags?post=39407"}],"curies":[{"name":"wp","href":"https:\/\/api.w.org\/{rel}","templated":true}]}}