{"id":39256,"date":"2015-05-04T16:00:09","date_gmt":"2015-05-04T13:00:09","guid":{"rendered":"http:\/\/giurgiu-net.ro\/?p=39256"},"modified":"2015-05-04T16:00:09","modified_gmt":"2015-05-04T13:00:09","slug":"politia-giurgiu-cum-a-fost-minivacanta-de-1-mai-din-punct-de-vedere-al-traficului-rutier","status":"publish","type":"post","link":"https:\/\/giurgiu-net.ro\/index.php\/2015\/05\/04\/politia-giurgiu-cum-a-fost-minivacanta-de-1-mai-din-punct-de-vedere-al-traficului-rutier\/","title":{"rendered":"POLI\u0162IA GIURGIU: Cum a fost minivacan\u0163a de 1 Mai din punct de vedere al traficului rutier?"},"content":{"rendered":"<p>Sute de amenzi \u015fi zeci de dosare penale pentru \u015foferii care au tranzitat, \u00een perioada 30 aprilie-3 mai, \u015foselele din jude\u0163ul Giurgiu.<!--more--><\/p>\n<p>Reprezentan\u0163ii Poli\u0163iei Giurgiu anun\u0163\u0103 c\u0103 oamenii legii au ac\u0163ionat pe perioada minivacan\u0163ei de 1 Mai, pentru asigurarea unui climat corespunz\u0103tor de ordine \u015fi siguran\u0163\u0103 public\u0103 pe raza localit\u0103\u0163ilor urbane \u015fi rurale din jude\u0163ul Giurgiu.<\/p>\n<p><em>\u201cAstfel, poli\u0163i\u015ftii au ac\u0163ionat \u00een localit\u0103\u0163ile jude\u0163ului, pe drumurile publice, \u00een g\u0103ri, autog\u0103ri, portul Giurgiu \u015fi zona adiacent\u0103 acestora, \u00een zonele aglomerate \u00een care s-au desf\u0103\u015furat manifest\u0103ri cultural artistice sau de agrement. Un accent deosebit s-a pus pe fluidizarea traficului pe Drumurile Na\u0163ionale 5 \u015fi 6, pe tronsoanele de drum unde s-au creat ambuteiaje\u201d<\/em>, se arat\u0103 \u00eentr-un comunicat al IJP Giurgiu.<\/p>\n<p>\u00cen document este precizat c\u0103, pe timpul minivacan\u0163ei, poli\u0163i\u015ftii au aplicat 642 sanc\u0163iuni contraven\u0163ionale \u00een valoare total\u0103 de 253 000 lei \u015fi au \u00eentocmit 45 de dosare penale. De asemenea, au fost constatate 17 infrac\u0163iuni rutiere (8 pentru consumul de b\u0103uturi alcoolice, 5 pentru conducere f\u0103r\u0103 permis, 4 pentru punerea \u00een circula\u0163ie de autovehicule ne\u00eenmatriculate), au re\u0163inut \u00een vederea suspend\u0103rii 48 permise de conducere \u015fi au retras 9 certificate de \u00eenmatriculare.<\/p>\n","protected":false},"excerpt":{"rendered":"<p>Sute de amenzi \u015fi zeci de dosare penale pentru \u015foferii care au tranzitat, \u00een perioada 30 aprilie-3 mai, \u015foselele din jude\u0163ul Giurgiu.<\/p>\n","protected":false},"author":1,"featured_media":37721,"comment_status":"open","ping_status":"open","sticky":false,"template":"","format":"standard","meta":{"slim_seo":{"title":"POLI\u0162IA GIURGIU: Cum a fost minivacan\u0163a de 1 Mai din punct de vedere al traficului rutier? - GIURGIU NET","description":"Sute de amenzi \u015fi zeci de dosare penale pentru \u015foferii care au tranzitat, \u00een perioada 30 aprilie-3 mai, \u015foselele din jude\u0163ul Giurgiu. Reprezentan\u0163ii Poli\u0163iei Gi"},"footnotes":""},"categories":[19,26],"tags":[204,1739,2073,2521],"class_list":["post-39256","post","type-post","status-publish","format-standard","has-post-thumbnail","category-adm","category-soc","tag-amenzi-rutiere","tag-minivacanta-1-mai","tag-politie-rutiera","tag-sosele-giurgiu"],"_links":{"self":[{"href":"https:\/\/giurgiu-net.ro\/index.php\/wp-json\/wp\/v2\/posts\/39256","targetHints":{"allow":["GET"]}}],"collection":[{"href":"https:\/\/giurgiu-net.ro\/index.php\/wp-json\/wp\/v2\/posts"}],"about":[{"href":"https:\/\/giurgiu-net.ro\/index.php\/wp-json\/wp\/v2\/types\/post"}],"author":[{"embeddable":true,"href":"https:\/\/giurgiu-net.ro\/index.php\/wp-json\/wp\/v2\/users\/1"}],"replies":[{"embeddable":true,"href":"https:\/\/giurgiu-net.ro\/index.php\/wp-json\/wp\/v2\/comments?post=39256"}],"version-history":[{"count":0,"href":"https:\/\/giurgiu-net.ro\/index.php\/wp-json\/wp\/v2\/posts\/39256\/revisions"}],"wp:attachment":[{"href":"https:\/\/giurgiu-net.ro\/index.php\/wp-json\/wp\/v2\/media?parent=39256"}],"wp:term":[{"taxonomy":"category","embeddable":true,"href":"https:\/\/giurgiu-net.ro\/index.php\/wp-json\/wp\/v2\/categories?post=39256"},{"taxonomy":"post_tag","embeddable":true,"href":"https:\/\/giurgiu-net.ro\/index.php\/wp-json\/wp\/v2\/tags?post=39256"}],"curies":[{"name":"wp","href":"https:\/\/api.w.org\/{rel}","templated":true}]}}