{"id":39173,"date":"2015-04-26T16:26:58","date_gmt":"2015-04-26T13:26:58","guid":{"rendered":"http:\/\/giurgiu-net.ro\/?p=39173"},"modified":"2015-04-26T16:26:58","modified_gmt":"2015-04-26T13:26:58","slug":"sarbatoare-in-cetate-eveniment-reprogamat-pentru-luna-iunie","status":"publish","type":"post","link":"https:\/\/giurgiu-net.ro\/index.php\/2015\/04\/26\/sarbatoare-in-cetate-eveniment-reprogamat-pentru-luna-iunie\/","title":{"rendered":"&#8222;S\u0103rb\u0103toare \u00een cetate&#8221;, eveniment reprogamat pentru luna iunie"},"content":{"rendered":"<p>\u00centr-adev\u0103r, unic\u0103 la nivelul municipiului nostru, activitatea &#8222;S\u0103rb\u0103toare \u00een cetate&#8221;( ce ar fi \u00eensemnat \u015fi un festival medieval), a creat, mai cu seam\u0103 pe re\u0163ele de socializare, adev\u0103rate tensiuni&#8230;<!--more--><\/p>\n<p>Unii au scris c\u0103 organizatorii ar fi fost \u00eempiedica\u0163i de colegi de-ai lor s\u0103 organizeze ac\u0163iunile, al\u0163ii i-au contrazis, iar totul ducea la un a\u015fa-zis &#8222;conflict&#8221; \u00eentre dou\u0103 personalit\u0103\u0163i politice \u015fi administrative giurgiuvene, conflict pe care \u00eel neag\u0103 purt\u0103torul de cuv\u00e2nt al PSD Giurgiu, R\u0103zvan Cuc.<\/p>\n<p>\u00centr-o recent\u0103 conferin\u0163\u0103 de pres\u0103, el a precizat: <em>&#8222;Discu\u0163iile ap\u0103rute au avut doar scopul s\u0103 creeze tensiuni \u00eentre primarul Barbu \u015fi viceprimarul Vladu. Este, \u00een fapt, un proiect al Consiliului Local al Tinerilor, ce a fost reprogramat pentru 1 iunie. Acestea sunt lucruri inutile \u015fi care nu trebuie s\u0103 ne preocupe \u00een aceast\u0103 perioad\u0103 \u00een care avem mult de lucru din punct de vedere administrativ&#8221;<\/em>.<\/p>\n","protected":false},"excerpt":{"rendered":"<p>\u00centr-adev\u0103r, unic\u0103 la nivelul municipiului nostru, activitatea &#8222;S\u0103rb\u0103toare \u00een cetate&#8221;( ce ar fi \u00eensemnat \u015fi un festival medieval), a creat, mai cu seam\u0103 pe re\u0163ele de socializare, adev\u0103rate tensiuni&#8230;<\/p>\n","protected":false},"author":1,"featured_media":39174,"comment_status":"open","ping_status":"open","sticky":false,"template":"","format":"standard","meta":{"slim_seo":{"title":"\"S\u0103rb\u0103toare \u00een cetate\", eveniment reprogamat pentru luna iunie - GIURGIU NET","description":"\u00centr-adev\u0103r, unic\u0103 la nivelul municipiului nostru, activitatea \"S\u0103rb\u0103toare \u00een cetate\"( ce ar fi \u00eensemnat \u015fi un festival medieval), a creat, mai cu seam\u0103 pe re\u0163e"},"footnotes":""},"categories":[19,29],"tags":[2158,2393],"class_list":{"0":"post-39173","1":"post","2":"type-post","3":"status-publish","4":"format-standard","5":"has-post-thumbnail","7":"category-adm","8":"category-educatie-si-cultura","9":"tag-primaria-giurgiu","10":"tag-sarbatoare-in-cetate"},"_links":{"self":[{"href":"https:\/\/giurgiu-net.ro\/index.php\/wp-json\/wp\/v2\/posts\/39173","targetHints":{"allow":["GET"]}}],"collection":[{"href":"https:\/\/giurgiu-net.ro\/index.php\/wp-json\/wp\/v2\/posts"}],"about":[{"href":"https:\/\/giurgiu-net.ro\/index.php\/wp-json\/wp\/v2\/types\/post"}],"author":[{"embeddable":true,"href":"https:\/\/giurgiu-net.ro\/index.php\/wp-json\/wp\/v2\/users\/1"}],"replies":[{"embeddable":true,"href":"https:\/\/giurgiu-net.ro\/index.php\/wp-json\/wp\/v2\/comments?post=39173"}],"version-history":[{"count":0,"href":"https:\/\/giurgiu-net.ro\/index.php\/wp-json\/wp\/v2\/posts\/39173\/revisions"}],"wp:featuredmedia":[{"embeddable":true,"href":"https:\/\/giurgiu-net.ro\/index.php\/wp-json\/"}],"wp:attachment":[{"href":"https:\/\/giurgiu-net.ro\/index.php\/wp-json\/wp\/v2\/media?parent=39173"}],"wp:term":[{"taxonomy":"category","embeddable":true,"href":"https:\/\/giurgiu-net.ro\/index.php\/wp-json\/wp\/v2\/categories?post=39173"},{"taxonomy":"post_tag","embeddable":true,"href":"https:\/\/giurgiu-net.ro\/index.php\/wp-json\/wp\/v2\/tags?post=39173"}],"curies":[{"name":"wp","href":"https:\/\/api.w.org\/{rel}","templated":true}]}}