{"id":39068,"date":"2015-04-21T13:27:38","date_gmt":"2015-04-21T10:27:38","guid":{"rendered":"http:\/\/giurgiu-net.ro\/?p=39068"},"modified":"2015-04-21T13:27:38","modified_gmt":"2015-04-21T10:27:38","slug":"opinii-giurgiuvenii-nu-pot-fi-reprezentati-de-un-deputat-plangacios","status":"publish","type":"post","link":"https:\/\/giurgiu-net.ro\/index.php\/2015\/04\/21\/opinii-giurgiuvenii-nu-pot-fi-reprezentati-de-un-deputat-plangacios\/","title":{"rendered":"OPINII: Giurgiuvenii nu pot fi reprezenta\u0163i de un deputat \u201epl\u00e2ng\u0103cios\u201d"},"content":{"rendered":"<p>Atitudinea de <em>femeie care se d\u0103 \u00eenvins\u0103 \u00eentr-o &#8222;lupt\u0103\u201d de argumente<\/em> cu un b\u0103rbat, \u00eentr-o lume \u201ea b\u0103rba\u0163ilor\u201d \u00een care a intrat(fie, a fost aleas\u0103 de calculator) ca mare b\u0103t\u0103ioas\u0103 ce pretinde a fi, nu cred c\u0103-i face cinste.<!--more--><\/p>\n<p>Schimbul de replici, din presa scris\u0103, \u00eentre deputatul Liliana Ciobanu \u015fi directorul Regionalei de Drumuri \u015fi Poduri(DRDP) Bucure\u015fti, Marian Mina, s-a mutat la un tv local. Mai exact \u00eentr-o emisiune, luni sear\u0103.<a href=\"https:\/\/giurgiu-net.ro\/wp-content\/uploads\/2015\/04\/Desktop.jpg\"><img loading=\"lazy\" decoding=\"async\" class=\"aligncenter size-large wp-image-39069\" src=\"https:\/\/giurgiu-net.ro\/wp-content\/uploads\/2015\/04\/Desktop-300x183.jpg\" alt=\"Desktop\" width=\"300\" height=\"183\" \/><\/a><\/p>\n<p>\u00cen primul r\u00e2nd, parc\u0103 singurul scop al doamnei era s\u0103 capete mila telespectatorilor, tot v\u0103iet\u00e2ndu-se c\u0103 domnul i-a r\u0103spuns b\u0103rb\u0103te\u015fte(f\u0103r\u0103 jigniri, ci de la egal la egal, cum cere\u0163i toate s\u0103 fi\u0163i tratate!), de parc\u0103 am fi asistat la o scenet\u0103 din Caragiale:<\/p>\n<p>\u201eLeanca: Eu, domn&#8217; judec\u0103tor, reclam, pardon, onoarea mea, care m-a-njurat, \u015fi clondirul cu trei chile mastic\u0103 prima, care venisem tomn-atunci&#8230;\u201d<\/p>\n<p>Stimat\u0103 doamn\u0103 deputat, cine intr\u0103 \u00een atare hor\u0103, joac\u0103 p\u00e2n\u0103 la cap\u0103t, b\u0103rb\u0103te\u015fte, \u015fi nu se pl\u00e2nge, ci demonstreaz\u0103, eventual, care ar putea fi diferen\u0163ele de&#8230; capacitate.<\/p>\n<p>\u00cens\u0103, \u00een al doilea r\u00e2nd, Liliana Ciobanu a avut \u015fi caren\u0163e grave ca&#8230; deputat. Din punctul de vedere al informa\u0163iilor pe care ar trebui s\u0103 le cunoasc\u0103 din aceast\u0103 postur\u0103. De exemplu, ar fi trebuit s\u0103 \u015ftie c\u0103 nu are SALARIU(despre care a vorbit obsesiv), ci indemniza\u0163ie.<\/p>\n<p>Apoi, dac\u0103 cineva \u00ee\u0163i explic\u0103 de sute de ori c\u0103 un obiectiv va fi reparat capital prin intermediul unui proiect european, tu continui s\u0103 spui c\u0103, a\u015fa demnitar cum e\u015fti, te vei lupta ca obiectivul respectiv s\u0103 fie&#8230; reparat? Care parte din \u201ese lucreaz\u0103\u201d nu po\u0163i pricepe?<\/p>\n<p>Dar poate cea mai hilar\u0103 scen\u0103 a fost urm\u0103toarea: dup\u0103 ce \u015fi-a \u00eenceput discursul subliniind c\u0103 un demnitar nu poate crea locuri de munc\u0103, a strigat la adresa unui coleg din PSD c\u0103 nu a fost \u00een stare s\u0103 creeze&#8230; locuri de munc\u0103. P\u0103i, ori suntem consecven\u0163i, ori r\u0103m\u00e2nem la&#8230; fabrici \u015fi uzine.<\/p>\n<p>Dac\u0103 p\u0103l\u0103ria e prea mare, cel mai de bun sim\u0163 este s\u0103 renun\u0163i. Pentru c\u0103 mul\u0163i \u015ftiu c\u0103 cel mai ur\u00e2t \u015fi taxabil lucru este s\u0103 pari cu orice pre\u0163 ceea ce nu e\u015fti. \u015ei s\u0103 te mai \u015fi lauzi cu lucruri inutile, precum interpel\u0103rile pe teme aberante, ce nu au \u015fi nu pot avea vreo finalitate, vreodat\u0103. \u00centreb\u0103ri peste \u00eentreb\u0103ri, la adresa diver\u015filor mini\u015ftri, dar f\u0103r\u0103 un scop precis, ci parc\u0103 mai degrab\u0103 ca un gazetar curios. M\u0103car \u0103\u015ftia, unii dintre ei, chiar au un scop precis al \u00eentreb\u0103rilor, dar doamna ce-o face cu ele? Bifeaz\u0103 acolo un num\u0103r c\u00e2t mai mare de asemenea documente? \u015ei cu asta ce-am f\u0103cut?<\/p>\n<p>Dar ce conteaz\u0103? Conteaz\u0103 ca la tv s\u0103 d\u0103m bine, m\u0103 mir c\u0103 n-a\u0163i \u015fi pl\u00e2ns, ca s\u0103-l ia lumea la b\u0103taie pe strad\u0103 pe colegul de platou pentru c\u0103 a \u00eendr\u0103znit s\u0103 r\u0103spund\u0103 tuturor provoc\u0103rilor dvs. Pentru c\u0103 <em>exact ca un b\u0103rbat<\/em> v-a\u0163i adresat lui \u00een primul dvs. comunicat de pres\u0103, iar apoi v-a\u0163i transfomat \u00eentr-un fel de <em>doamn\u0103 cu orgoliul r\u0103nit<\/em>.<\/p>\n<p>Iar asta nu-i prea ajut\u0103 pe giurgiuveni. Nu cred c\u0103 au nevoie de deputa\u0163i \u201epl\u00e2ng\u0103cio\u015fi\u201d.<\/p>\n<p>Un telespectator<\/p>\n<table style=\"height: 163px;\" width=\"561\">\n<tbody>\n<tr>\n<td>P.S.: \u201cLeanca: Da, domn&#8217; judec\u0103tor, onoarea mea, s\u0103ru&#8217; m\u00e2na, nereperat\u0103, cum rem\u00e2ne?<\/td>\n<\/tr>\n<tr>\n<td>Prev. (mali\u0163ios): Las&#8217; c\u0103 \u0163i-o repereaz\u0103 domn&#8217; Mitic\u0103!\u201d<\/p>\n<p>(I.L.Caragiale, Justi\u0163ie)<\/td>\n<\/tr>\n<\/tbody>\n<\/table>\n<p>&nbsp;<\/p>\n","protected":false},"excerpt":{"rendered":"<p>Atitudinea de femeie care se d\u0103 \u00eenvins\u0103 \u00eentr-o &#8222;lupt\u0103\u201d de argumente cu un b\u0103rbat, \u00eentr-o lume \u201ea b\u0103rba\u0163ilor\u201d \u00een care a intrat(fie, a fost aleas\u0103 de calculator) ca mare b\u0103t\u0103ioas\u0103 ce pretinde a fi, nu cred c\u0103-i face cinste.<\/p>\n","protected":false},"author":1,"featured_media":39070,"comment_status":"open","ping_status":"open","sticky":false,"template":"","format":"standard","meta":{"slim_seo":{"title":"OPINII: Giurgiuvenii nu pot fi reprezenta\u0163i de un deputat \u201epl\u00e2ng\u0103cios\u201d - GIURGIU NET","description":"Atitudinea de femeie care se d\u0103 \u00eenvins\u0103 \u00eentr-o \"lupt\u0103\u201d de argumente cu un b\u0103rbat, \u00eentr-o lume \u201ea b\u0103rba\u0163ilor\u201d \u00een care a intrat(fie, a fost aleas\u0103 de calculator)"},"footnotes":""},"categories":[19,20,25],"tags":[1552,1626],"class_list":["post-39068","post","type-post","status-publish","format-standard","has-post-thumbnail","category-adm","category-edit","category-pol","tag-liliana-ciobanu","tag-marian-mina"],"_links":{"self":[{"href":"https:\/\/giurgiu-net.ro\/index.php\/wp-json\/wp\/v2\/posts\/39068","targetHints":{"allow":["GET"]}}],"collection":[{"href":"https:\/\/giurgiu-net.ro\/index.php\/wp-json\/wp\/v2\/posts"}],"about":[{"href":"https:\/\/giurgiu-net.ro\/index.php\/wp-json\/wp\/v2\/types\/post"}],"author":[{"embeddable":true,"href":"https:\/\/giurgiu-net.ro\/index.php\/wp-json\/wp\/v2\/users\/1"}],"replies":[{"embeddable":true,"href":"https:\/\/giurgiu-net.ro\/index.php\/wp-json\/wp\/v2\/comments?post=39068"}],"version-history":[{"count":0,"href":"https:\/\/giurgiu-net.ro\/index.php\/wp-json\/wp\/v2\/posts\/39068\/revisions"}],"wp:attachment":[{"href":"https:\/\/giurgiu-net.ro\/index.php\/wp-json\/wp\/v2\/media?parent=39068"}],"wp:term":[{"taxonomy":"category","embeddable":true,"href":"https:\/\/giurgiu-net.ro\/index.php\/wp-json\/wp\/v2\/categories?post=39068"},{"taxonomy":"post_tag","embeddable":true,"href":"https:\/\/giurgiu-net.ro\/index.php\/wp-json\/wp\/v2\/tags?post=39068"}],"curies":[{"name":"wp","href":"https:\/\/api.w.org\/{rel}","templated":true}]}}