{"id":38465,"date":"2015-03-12T11:31:53","date_gmt":"2015-03-12T09:31:53","guid":{"rendered":"http:\/\/giurgiu-net.ro\/?p=38465"},"modified":"2015-03-12T11:31:53","modified_gmt":"2015-03-12T09:31:53","slug":"amenzi-usturatoare-pentru-operatorii-care-deverseaza-deseurile-in-locuri-neamenajate","status":"publish","type":"post","link":"https:\/\/giurgiu-net.ro\/index.php\/2015\/03\/12\/amenzi-usturatoare-pentru-operatorii-care-deverseaza-deseurile-in-locuri-neamenajate\/","title":{"rendered":"Amenzi ustur\u0103toare pentru operatorii care deverseaz\u0103 de\u015feurile \u00een locuri neamenajate"},"content":{"rendered":"<p>\u00cen mai multe r\u00e2nduri, giurgiuvenii din diverse zone ale ora\u015fului, cu prec\u0103dere din cele aflate la periferie, s-au pl\u00e2ns c\u0103, \u00een apropiere de locuin\u0163ele lor, au fost deversate de\u015feuri, dejec\u0163ii, colectate de la subsolurile blocurilor din municipiu.<!--more--><\/p>\n<p>Un asemenea caz a fost relatat acum dou\u0103 zile de jurnali\u015ftii unei televiziuni locale. Un utilaj al unei societ\u0103\u0163i ce se ocup\u0103 cu asemenea activit\u0103\u0163i a fost &#8222;v\u0103zut&#8221; arunc\u00e2nd mizeria str\u00e2ns\u0103 din ora\u015f pe un teren unde de\u015feurile respective nu aveau ce c\u0103uta.<\/p>\n<p>\u015eoferul utilajului respectiv le-ar fi zis\u00a0jurnali\u015ftilor c\u0103 ar avea autoriza\u0163ie de la Agen\u0163ia pentru Protec\u0163ia Mediului(APM) Giurgiu, at\u00e2t pentru transportul respectiv, c\u00e2t \u015fi pentru depozitarea de\u015feurilor pe terenul acela. Numai c\u0103, reprezentan\u0163ii APM Giurgiu ne-au spus c\u0103 institu\u0163ia \u00een cauz\u0103 nu poate \u015fi nici nu a autorizat a\u015fa ceva, iar locurile unde arunc\u0103 operatorii de\u015feurile str\u00e2nse de la subsoluri sunt stabilite de ei, \u00eempreun\u0103 cu Prim\u0103ria Giurgiu.<\/p>\n<p>Astfel c\u0103, \u00een conferin\u0163\u0103 de pres\u0103, miercuri, 11 martie, primarul Nicolae Barbu a fost \u00eentrebat cine r\u0103spunde pentru aceste depozit\u0103ri &#8222;la nimereal\u0103&#8221;. El a explicat c\u0103, \u00eentr-adev\u0103r,\u00a0locurile unde trebuie deversate dejec\u0163iile respective au fost stabilite, \u00een baza unor conven\u0163ii, cu Apa Service, ADPP, dar \u015fi cu operatorii ce se ocup\u0103 de ac\u0163iunea de igienizare a subsolurilor blocurilor. Astfel, de\u015feurile lichide trebuie transportate direct la sta\u0163ia de epurare a Apa Service iar &#8222;grosul&#8221; la groapa de gunoi.<\/p>\n<p>De ce deverseaz\u0103 unii \u00een alte locuri dec\u00e2t cele stabilite? Probabil ca s\u0103 fac\u0103 economie la transport, \u00eens\u0103, dac\u0103 sunt prin\u015fi &#8222;\u00een flagrant&#8221;, reprezentan\u0163ii societ\u0103\u0163ilor vor primi amenzi cuprinse \u00eentre 3.000 \u015fi 10.000 de lei, date chiar de Prim\u0103ria Giurgiu.<\/p>\n<p>C.S.<\/p>\n","protected":false},"excerpt":{"rendered":"<p>\u00cen mai multe r\u00e2nduri, giurgiuvenii din diverse zone ale ora\u015fului, cu prec\u0103dere din cele aflate la periferie, s-au pl\u00e2ns c\u0103, \u00een apropiere de locuin\u0163ele lor, au fost deversate de\u015feuri, dejec\u0163ii, colectate de la subsolurile blocurilor din municipiu.<\/p>\n","protected":false},"author":1,"featured_media":38466,"comment_status":"open","ping_status":"open","sticky":false,"template":"","format":"standard","meta":{"slim_seo":{"title":"Amenzi ustur\u0103toare pentru operatorii care deverseaz\u0103 de\u015feurile \u00een locuri neamenajate - GIURGIU NET","description":"\u00cen mai multe r\u00e2nduri, giurgiuvenii din diverse zone ale ora\u015fului, cu prec\u0103dere din cele aflate la periferie, s-au pl\u00e2ns c\u0103, \u00een apropiere de locuin\u0163ele lor, au f"},"footnotes":""},"categories":[18,26],"tags":[2158,2559],"class_list":["post-38465","post","type-post","status-publish","format-standard","has-post-thumbnail","category-actual","category-soc","tag-primaria-giurgiu","tag-subsoluri-blocuri"],"_links":{"self":[{"href":"https:\/\/giurgiu-net.ro\/index.php\/wp-json\/wp\/v2\/posts\/38465","targetHints":{"allow":["GET"]}}],"collection":[{"href":"https:\/\/giurgiu-net.ro\/index.php\/wp-json\/wp\/v2\/posts"}],"about":[{"href":"https:\/\/giurgiu-net.ro\/index.php\/wp-json\/wp\/v2\/types\/post"}],"author":[{"embeddable":true,"href":"https:\/\/giurgiu-net.ro\/index.php\/wp-json\/wp\/v2\/users\/1"}],"replies":[{"embeddable":true,"href":"https:\/\/giurgiu-net.ro\/index.php\/wp-json\/wp\/v2\/comments?post=38465"}],"version-history":[{"count":0,"href":"https:\/\/giurgiu-net.ro\/index.php\/wp-json\/wp\/v2\/posts\/38465\/revisions"}],"wp:attachment":[{"href":"https:\/\/giurgiu-net.ro\/index.php\/wp-json\/wp\/v2\/media?parent=38465"}],"wp:term":[{"taxonomy":"category","embeddable":true,"href":"https:\/\/giurgiu-net.ro\/index.php\/wp-json\/wp\/v2\/categories?post=38465"},{"taxonomy":"post_tag","embeddable":true,"href":"https:\/\/giurgiu-net.ro\/index.php\/wp-json\/wp\/v2\/tags?post=38465"}],"curies":[{"name":"wp","href":"https:\/\/api.w.org\/{rel}","templated":true}]}}