{"id":38436,"date":"2015-03-10T12:35:38","date_gmt":"2015-03-10T10:35:38","guid":{"rendered":"http:\/\/giurgiu-net.ro\/?p=38436"},"modified":"2015-03-10T12:35:38","modified_gmt":"2015-03-10T10:35:38","slug":"38436","status":"publish","type":"post","link":"https:\/\/giurgiu-net.ro\/index.php\/2015\/03\/10\/38436\/","title":{"rendered":"Darius V\u00e2lcov vorbe\u015fte, la Giurgiu, despre noul Cod Fiscal"},"content":{"rendered":"<p>Tot ceea ce trebuie \u015ftiut \u00een leg\u0103tur\u0103 cu modific\u0103rile aduse Codului Fiscal, dar \u015fi r\u0103spunsuri la \u00eentreb\u0103rile despre\u00a0aloc\u0103rile de la bugetul de stat c\u0103tre autorit\u0103\u0163ile publice locale. Ministrul Finan\u0163elor, Darius V\u00e2lcov, va veni, joi, 12 martie, la Giurgiu, pentru a sta de vorb\u0103 at\u00e2t cu jurnali\u015ftii, c\u00e2t \u015fi cu reprezentan\u0163ii administra\u0163iei giurgiuvene.<!--more--><\/p>\n<p>Ministrul Darius V\u00e2lcov vine\u00a0la Giurgiu la invita\u0163ia senatorului social-democrat, pre\u015fedinte al PSD Giurgiu, Niculae B\u0103d\u0103l\u0103u.<\/p>\n<p>Prima oprire va fi la sediul PSD Giurgiu, unde, la ora 16.15, va sus\u0163ine o conferin\u0163\u0103 de pres\u0103. Mai apoi, la Ateneul &#8222;Nicolae B\u0103l\u0103nescu&#8221;, Darius V\u00e2lcov se va \u00eent\u00e2lni cu primarii giurgiuveni, dar \u015fi cu al\u0163i reprezentan\u0163i ai administra\u0163iei municipale \u015fi jude\u0163ene.<\/p>\n<p>C.S.<\/p>\n","protected":false},"excerpt":{"rendered":"<p>Tot ceea ce trebuie \u015ftiut \u00een leg\u0103tur\u0103 cu modific\u0103rile aduse Codului Fiscal, dar \u015fi r\u0103spunsuri la \u00eentreb\u0103rile despre\u00a0aloc\u0103rile de la bugetul de stat c\u0103tre autorit\u0103\u0163ile publice locale. Ministrul Finan\u0163elor, Darius V\u00e2lcov, va veni, joi, 12 martie, la Giurgiu, pentru a sta de vorb\u0103 at\u00e2t cu jurnali\u015ftii, c\u00e2t \u015fi cu reprezentan\u0163ii administra\u0163iei giurgiuvene.<\/p>\n","protected":false},"author":1,"featured_media":38437,"comment_status":"open","ping_status":"open","sticky":false,"template":"","format":"standard","meta":{"slim_seo":{"title":"Darius V\u00e2lcov vorbe\u015fte, la Giurgiu, despre noul Cod Fiscal - GIURGIU NET","description":"Tot ceea ce trebuie \u015ftiut \u00een leg\u0103tur\u0103 cu modific\u0103rile aduse Codului Fiscal, dar \u015fi r\u0103spunsuri la \u00eentreb\u0103rile despre\u00a0aloc\u0103rile de la bugetul de stat c\u0103tre autori"},"footnotes":""},"categories":[18,19],"tags":[642,835,1839,2256],"class_list":["post-38436","post","type-post","status-publish","format-standard","has-post-thumbnail","category-actual","category-adm","tag-cod-fiscal","tag-darius-valcov","tag-niculae-badalau","tag-psd-giurgiu"],"_links":{"self":[{"href":"https:\/\/giurgiu-net.ro\/index.php\/wp-json\/wp\/v2\/posts\/38436","targetHints":{"allow":["GET"]}}],"collection":[{"href":"https:\/\/giurgiu-net.ro\/index.php\/wp-json\/wp\/v2\/posts"}],"about":[{"href":"https:\/\/giurgiu-net.ro\/index.php\/wp-json\/wp\/v2\/types\/post"}],"author":[{"embeddable":true,"href":"https:\/\/giurgiu-net.ro\/index.php\/wp-json\/wp\/v2\/users\/1"}],"replies":[{"embeddable":true,"href":"https:\/\/giurgiu-net.ro\/index.php\/wp-json\/wp\/v2\/comments?post=38436"}],"version-history":[{"count":0,"href":"https:\/\/giurgiu-net.ro\/index.php\/wp-json\/wp\/v2\/posts\/38436\/revisions"}],"wp:attachment":[{"href":"https:\/\/giurgiu-net.ro\/index.php\/wp-json\/wp\/v2\/media?parent=38436"}],"wp:term":[{"taxonomy":"category","embeddable":true,"href":"https:\/\/giurgiu-net.ro\/index.php\/wp-json\/wp\/v2\/categories?post=38436"},{"taxonomy":"post_tag","embeddable":true,"href":"https:\/\/giurgiu-net.ro\/index.php\/wp-json\/wp\/v2\/tags?post=38436"}],"curies":[{"name":"wp","href":"https:\/\/api.w.org\/{rel}","templated":true}]}}