{"id":38261,"date":"2015-02-20T12:22:04","date_gmt":"2015-02-20T10:22:04","guid":{"rendered":"http:\/\/giurgiu-net.ro\/?p=38261"},"modified":"2015-02-20T12:22:04","modified_gmt":"2015-02-20T10:22:04","slug":"asa-a-batut-vantul-schimbarii-la-pnl-giurgiu","status":"publish","type":"post","link":"https:\/\/giurgiu-net.ro\/index.php\/2015\/02\/20\/asa-a-batut-vantul-schimbarii-la-pnl-giurgiu\/","title":{"rendered":"A\u015fa a b\u0103tut v\u00e2ntul schimb\u0103rii la PNL Giurgiu?"},"content":{"rendered":"<p>\u00centr-unul dintre primele sale comunicate de pres\u0103, transmise \u00een urm\u0103 cu ceva vreme, pre\u015fedintele interimar al PNL Giurgiu spunea\u00a0c\u0103, citez:<em> \u201cPNL vine cu un suflu proasp\u0103t \u00een \u00eencercarea de vindecare a jude\u021bului Giurgiu de virusul social-democrat&#8230;\u201d<\/em>.<!--more--><\/p>\n<p>Ce plastic, dar nu cred c-a zis-o dumneaei. Sper c\u0103 m\u0103car a citit comunicatul f\u0103cut, probabil, de\u00a0colegii de la biroul de comunicare, dar \u015fi dac\u0103 a f\u0103cut-o, a fost degeaba.<\/p>\n<p>Ne imaginam noi, a\u015fa, c\u0103 vor veni la conducerea filialei jude\u0163ene oameni noi care au trudit \u00een campanii, care vor s\u0103 fac\u0103 treab\u0103, care pot \u015fi pe care nu-i intereseaz\u0103 func\u0163iile, dar care merit\u0103 s\u0103 aib\u0103 una. Sunt, ce-i drept, printre cei din <strong>Biroul Politic Teritorial al PNL Giurgiu<\/strong>, ale\u015fi de cur\u00e2nd, \u015fi dintre cei men\u0163iona\u0163i mai sus.<\/p>\n<p>Noi vi-i prezent\u0103m pe to\u0163i \u015fi decide\u0163i dumneavoastr\u0103 care-i&#8230; cum: Raluca Surdu, Vasile Must\u0103\u0163ea, Lucian Iliescu, Remus G\u0103in\u0103, Dumitru Gavril\u0103, Liviu Popazu, Dumitru Beianu, Marian M\u0103roiu, Ion Mateescu, Daniel Burdulea, Ion Dr\u0103gan, Noru\u0163 St\u0103ni\u015fteanu(?), Corneliu Minc\u0103, Dumitru Saitoc, Dumitru P\u0103un.<\/p>\n<p>Plus 8 fo\u015fti PDL-i\u015fti.<\/p>\n<p>Asta \u00eemi aminte\u015fte de PMP-ul Elenei Udrea. Cum zicea ea c\u0103 vor face parte din el doar oameni noi, profesioni\u015fti, tineri, no-name politic vorbind, dar cunoscu\u0163i \u00een domeniile lor \u015fi care vor s\u0103 schimbe \u0163ara&#8230; Cum erau, de fapt, aceia\u015fi portocalii, dar \u00eembr\u0103ca\u0163i \u00een blugi&#8230;<\/p>\n<p>C\u0103t\u0103lina Sfetcu<\/p>\n","protected":false},"excerpt":{"rendered":"<p>\u00centr-unul dintre primele sale comunicate de pres\u0103, transmise \u00een urm\u0103 cu ceva vreme, pre\u015fedintele interimar al PNL Giurgiu spunea\u00a0c\u0103, citez: \u201cPNL vine cu un suflu proasp\u0103t \u00een \u00eencercarea de vindecare a jude\u021bului Giurgiu de virusul social-democrat&#8230;\u201d.<\/p>\n","protected":false},"author":1,"featured_media":38262,"comment_status":"open","ping_status":"open","sticky":false,"template":"","format":"standard","meta":{"slim_seo":{"title":"A\u015fa a b\u0103tut v\u00e2ntul schimb\u0103rii la PNL Giurgiu? - GIURGIU NET","description":"\u00centr-unul dintre primele sale comunicate de pres\u0103, transmise \u00een urm\u0103 cu ceva vreme, pre\u015fedintele interimar al PNL Giurgiu spunea\u00a0c\u0103, citez: \u201cPNL vine cu un sufl"},"footnotes":""},"categories":[20,25],"tags":[1573,2027,2279,2732],"class_list":["post-38261","post","type-post","status-publish","format-standard","has-post-thumbnail","category-edit","category-pol","tag-lucian-iliescu","tag-pnl-giurgiu","tag-raluca-surdu","tag-vasile-mustatea"],"_links":{"self":[{"href":"https:\/\/giurgiu-net.ro\/index.php\/wp-json\/wp\/v2\/posts\/38261","targetHints":{"allow":["GET"]}}],"collection":[{"href":"https:\/\/giurgiu-net.ro\/index.php\/wp-json\/wp\/v2\/posts"}],"about":[{"href":"https:\/\/giurgiu-net.ro\/index.php\/wp-json\/wp\/v2\/types\/post"}],"author":[{"embeddable":true,"href":"https:\/\/giurgiu-net.ro\/index.php\/wp-json\/wp\/v2\/users\/1"}],"replies":[{"embeddable":true,"href":"https:\/\/giurgiu-net.ro\/index.php\/wp-json\/wp\/v2\/comments?post=38261"}],"version-history":[{"count":0,"href":"https:\/\/giurgiu-net.ro\/index.php\/wp-json\/wp\/v2\/posts\/38261\/revisions"}],"wp:attachment":[{"href":"https:\/\/giurgiu-net.ro\/index.php\/wp-json\/wp\/v2\/media?parent=38261"}],"wp:term":[{"taxonomy":"category","embeddable":true,"href":"https:\/\/giurgiu-net.ro\/index.php\/wp-json\/wp\/v2\/categories?post=38261"},{"taxonomy":"post_tag","embeddable":true,"href":"https:\/\/giurgiu-net.ro\/index.php\/wp-json\/wp\/v2\/tags?post=38261"}],"curies":[{"name":"wp","href":"https:\/\/api.w.org\/{rel}","templated":true}]}}