{"id":37714,"date":"2015-01-09T17:34:42","date_gmt":"2015-01-09T15:34:42","guid":{"rendered":"http:\/\/giurgiu-net.ro\/?p=37714"},"modified":"2015-01-09T17:34:42","modified_gmt":"2015-01-09T15:34:42","slug":"ce-isi-spuneau-eminescu-si-micle-intr-un-spectacol-aparte-la-giurgiu","status":"publish","type":"post","link":"https:\/\/giurgiu-net.ro\/index.php\/2015\/01\/09\/ce-isi-spuneau-eminescu-si-micle-intr-un-spectacol-aparte-la-giurgiu\/","title":{"rendered":"Ce \u00ee\u015fi spuneau Eminescu \u015fi Micle, \u00eentr-un spectacol aparte, la Giurgiu"},"content":{"rendered":"<p>Chiar dac\u0103 mai este aproape o s\u0103pt\u0103m\u00e2n\u0103 p\u00e2n\u0103 la ziua Poetului Nepereche, poate este bine s\u0103 \u015fti\u0163i, \u00eenc\u0103 de pe acum c\u0103, pe 15 ianuarie, dac\u0103 dori\u0163i s\u0103 vede\u0163i un spectacol aparte dedicat lui Mihai Eminescu, pute\u0163i alege un eveniment sus\u0163inut de tineri giurgiuveni.<!--more--><\/p>\n<p>Trupa Lazy Act a Palatului Copiilor Giurgiu va sus\u0163ine, joia viitoare, de la ora 14.00, la Ateneul \u201eNicolae B\u0103l\u0103nescu\u201d, spectacolul \u201e\u00cenger \u015fi Demon\u201d(dup\u0103 M. Eminescu \u015fi Veronica Micle), \u00een regia lui Florin Antoniu.<\/p>\n<p>Din distribu\u0163ie fac parte Andrea Gabriela H\u00eencu, Bogdan Mocanu, Robert Zamfir, iar la pian- Maria Boboc.<\/p>\n<p>Intrarea este liber\u0103.<\/p>\n","protected":false},"excerpt":{"rendered":"<p>Chiar dac\u0103 mai este aproape o s\u0103pt\u0103m\u00e2n\u0103 p\u00e2n\u0103 la ziua Poetului Nepereche, poate este bine s\u0103 \u015fti\u0163i, \u00eenc\u0103 de pe acum c\u0103, pe 15 ianuarie, dac\u0103 dori\u0163i s\u0103 vede\u0163i un spectacol aparte dedicat lui Mihai Eminescu, pute\u0163i alege un eveniment sus\u0163inut de tineri giurgiuveni.<\/p>\n","protected":false},"author":1,"featured_media":37715,"comment_status":"open","ping_status":"open","sticky":false,"template":"","format":"standard","meta":{"slim_seo":{"title":"Ce \u00ee\u015fi spuneau Eminescu \u015fi Micle, \u00eentr-un spectacol aparte, la Giurgiu - GIURGIU NET","description":"Chiar dac\u0103 mai este aproape o s\u0103pt\u0103m\u00e2n\u0103 p\u00e2n\u0103 la ziua Poetului Nepereche, poate este bine s\u0103 \u015fti\u0163i, \u00eenc\u0103 de pe acum c\u0103, pe 15 ianuarie, dac\u0103 dori\u0163i s\u0103 vede\u0163i un"},"footnotes":""},"categories":[19,29],"tags":[],"class_list":{"0":"post-37714","1":"post","2":"type-post","3":"status-publish","4":"format-standard","5":"has-post-thumbnail","7":"category-adm","8":"category-educatie-si-cultura"},"_links":{"self":[{"href":"https:\/\/giurgiu-net.ro\/index.php\/wp-json\/wp\/v2\/posts\/37714","targetHints":{"allow":["GET"]}}],"collection":[{"href":"https:\/\/giurgiu-net.ro\/index.php\/wp-json\/wp\/v2\/posts"}],"about":[{"href":"https:\/\/giurgiu-net.ro\/index.php\/wp-json\/wp\/v2\/types\/post"}],"author":[{"embeddable":true,"href":"https:\/\/giurgiu-net.ro\/index.php\/wp-json\/wp\/v2\/users\/1"}],"replies":[{"embeddable":true,"href":"https:\/\/giurgiu-net.ro\/index.php\/wp-json\/wp\/v2\/comments?post=37714"}],"version-history":[{"count":0,"href":"https:\/\/giurgiu-net.ro\/index.php\/wp-json\/wp\/v2\/posts\/37714\/revisions"}],"wp:featuredmedia":[{"embeddable":true,"href":"https:\/\/giurgiu-net.ro\/index.php\/wp-json\/"}],"wp:attachment":[{"href":"https:\/\/giurgiu-net.ro\/index.php\/wp-json\/wp\/v2\/media?parent=37714"}],"wp:term":[{"taxonomy":"category","embeddable":true,"href":"https:\/\/giurgiu-net.ro\/index.php\/wp-json\/wp\/v2\/categories?post=37714"},{"taxonomy":"post_tag","embeddable":true,"href":"https:\/\/giurgiu-net.ro\/index.php\/wp-json\/wp\/v2\/tags?post=37714"}],"curies":[{"name":"wp","href":"https:\/\/api.w.org\/{rel}","templated":true}]}}