{"id":37687,"date":"2015-01-07T13:31:59","date_gmt":"2015-01-07T11:31:59","guid":{"rendered":"http:\/\/giurgiu-net.ro\/?p=37687"},"modified":"2015-01-07T13:31:59","modified_gmt":"2015-01-07T11:31:59","slug":"victor-ponta-vrea-un-pret-corect-si-rezonabil-la-carburanti","status":"publish","type":"post","link":"https:\/\/giurgiu-net.ro\/index.php\/2015\/01\/07\/victor-ponta-vrea-un-pret-corect-si-rezonabil-la-carburanti\/","title":{"rendered":"Victor Ponta vrea un pre\u0163 \u201ecorect \u015fi rezonabil\u201d la carburan\u0163i"},"content":{"rendered":"<p><strong>Potrivit jurnali\u015ftilor mediafax.ro, premierul Ponta le-a cerut mini\u015ftrilor Transporturilor \u015fi Finan\u0163elor s\u0103 discute cu companiile petroliere despre pre\u0163ul carburan\u0163ilor astfel \u00eenc\u00e2t acesta s\u0103 ajung\u0103 la un nivel &#8222;corect \u015fi rezonabil&#8221; \u00een Rom\u00e2nia, \u00een contextul sc\u0103derii cota\u0163iei mondiale a petrolului \u015fi al nemajor\u0103rii accizelor \u015fi taxelor.<\/strong><!--more--><\/p>\n<p>Solicitarea a fost adresat\u0103 \u00een \u015fedin\u0163a de guvern, a c\u0103rei deschidere a fost transmis\u0103 pentru prima dat\u0103 pe Youtube.<\/p>\n<p>&#8222;\u00cei rog public pe cei doi mini\u015ftri, pe ministrul Transporturilor \u015fi ministrul Finan\u0163elor, s\u0103 aib\u0103 o discu\u0163ie normal\u0103, institu\u0163ional\u0103, \u00eentre Guvern \u015fi companiile private din domeniul combustibililor, pentru c\u0103 acciza a r\u0103mas ca \u00een\u00a02014, toate taxele sunt ca \u00een 2014, pre\u0163ul petrolului a sc\u0103zut\u00a0peste\u00a0tot \u00een lume, numai la noi nu scade. Sigur, pre\u0163ul este la pomp\u0103, nu e f\u0103cut de Guvern, dar sunt absolut convins c\u0103 o discu\u0163ie serioas\u0103 cu companiile ne va ajuta s\u0103 ajungem la un pre\u0163 corect \u015fi rezonabil&#8221;, le-a spus Ponta mini\u015ftrilor.<\/p>\n<p><strong>Pre\u0163urile la benzin\u0103 \u015fi motorin\u0103 \u00een statele UE sunt \u00een principal influen\u0163ate de cota\u0163iile interna\u0163ionale ale petrolului.<\/strong><\/p>\n<p>Pre\u0163ul petrolului Brent a cobor\u00e2t miercuri sub 50 de dolari pe baril pentru prima oar\u0103 din mai 2009 p\u00e2n\u0103 \u00een prezent.<\/p>\n<p>Pre\u0163urile petrolului au sc\u0103zut cu 48% \u00een\u00a02014, consemn\u00e2nd cel mai mare declin de la criza financiar\u0103 din 2008 p\u00e2n\u0103 \u00een prezent, \u00een condi\u0163iile \u00een care OPEC a decis s\u0103 nu reduc\u0103 produc\u0163ia de petrol, pentru a nu pierde cota de pia\u0163\u0103 pe care o de\u0163ine la nivel global \u00een favoarea produc\u0103torilor din Statele Unite. OPEC furnizeaz\u0103 40% din necesarul de petrol la nivel mondial.<\/p>\n<p>Articol preluat de pe <a href=\"https:\/\/www.mediafax.ro\/economic\/ponta-trimite-ministrii-sa-discute-cu-companiile-petroliere-despre-un-pret-corect-al-carburantilor-13752455\" target=\"_blank\" rel=\"noopener\">www.mediafax.ro<\/a><\/p>\n","protected":false},"excerpt":{"rendered":"<p>Potrivit jurnali\u015ftilor mediafax.ro, premierul Ponta le-a cerut mini\u015ftrilor Transporturilor \u015fi Finan\u0163elor s\u0103 discute cu companiile petroliere despre pre\u0163ul carburan\u0163ilor astfel \u00eenc\u00e2t acesta s\u0103 ajung\u0103 la un nivel &#8222;corect \u015fi rezonabil&#8221; \u00een Rom\u00e2nia, \u00een contextul sc\u0103derii cota\u0163iei mondiale a petrolului \u015fi al nemajor\u0103rii accizelor \u015fi taxelor.<\/p>\n","protected":false},"author":1,"featured_media":37688,"comment_status":"open","ping_status":"open","sticky":false,"template":"","format":"standard","meta":{"slim_seo":{"title":"Victor Ponta vrea un pre\u0163 \u201ecorect \u015fi rezonabil\u201d la carburan\u0163i - GIURGIU NET","description":"Potrivit jurnali\u015ftilor mediafax.ro, premierul Ponta le-a cerut mini\u015ftrilor Transporturilor \u015fi Finan\u0163elor s\u0103 discute cu companiile petroliere despre pre\u0163ul carbu"},"footnotes":""},"categories":[22],"tags":[359,2747],"class_list":["post-37687","post","type-post","status-publish","format-standard","has-post-thumbnail","category-nt","tag-benzina","tag-victor-ponta"],"_links":{"self":[{"href":"https:\/\/giurgiu-net.ro\/index.php\/wp-json\/wp\/v2\/posts\/37687","targetHints":{"allow":["GET"]}}],"collection":[{"href":"https:\/\/giurgiu-net.ro\/index.php\/wp-json\/wp\/v2\/posts"}],"about":[{"href":"https:\/\/giurgiu-net.ro\/index.php\/wp-json\/wp\/v2\/types\/post"}],"author":[{"embeddable":true,"href":"https:\/\/giurgiu-net.ro\/index.php\/wp-json\/wp\/v2\/users\/1"}],"replies":[{"embeddable":true,"href":"https:\/\/giurgiu-net.ro\/index.php\/wp-json\/wp\/v2\/comments?post=37687"}],"version-history":[{"count":0,"href":"https:\/\/giurgiu-net.ro\/index.php\/wp-json\/wp\/v2\/posts\/37687\/revisions"}],"wp:attachment":[{"href":"https:\/\/giurgiu-net.ro\/index.php\/wp-json\/wp\/v2\/media?parent=37687"}],"wp:term":[{"taxonomy":"category","embeddable":true,"href":"https:\/\/giurgiu-net.ro\/index.php\/wp-json\/wp\/v2\/categories?post=37687"},{"taxonomy":"post_tag","embeddable":true,"href":"https:\/\/giurgiu-net.ro\/index.php\/wp-json\/wp\/v2\/tags?post=37687"}],"curies":[{"name":"wp","href":"https:\/\/api.w.org\/{rel}","templated":true}]}}