{"id":37583,"date":"2014-12-22T09:53:54","date_gmt":"2014-12-22T07:53:54","guid":{"rendered":"http:\/\/giurgiu-net.ro\/?p=37583"},"modified":"2014-12-22T09:53:54","modified_gmt":"2014-12-22T07:53:54","slug":"primaria-prundu-mos-craciun-pentru-copiii-din-comuna","status":"publish","type":"post","link":"https:\/\/giurgiu-net.ro\/index.php\/2014\/12\/22\/primaria-prundu-mos-craciun-pentru-copiii-din-comuna\/","title":{"rendered":"Prim\u0103ria Prundu, Mo\u0219 Cr\u0103ciun pentru copiii din comun\u0103"},"content":{"rendered":"<p>Opt sute de copii s-au adunat \u00een sala de sport din comuna Prundu, unde, emo\u021biona\u021bi, l-au a\u0219teptat pe Mo\u0219 Cr\u0103ciun. Mo\u0219 care, anul acesta, a venit cu ajutorul primarului comunei, C\u0103t\u0103lin Corbea, cel care a oferit cadourile pentru to\u021bi copiii din comun\u0103, de la cel mai mic de gr\u0103dini\u021b\u0103, p\u00e2n\u0103 la elevii de clasa a XII-a care frecventeaz\u0103 cursurile liceului.<!--more--><\/p>\n<p>Totul s-a petrecut cu doar c\u00e2teva zile \u00eenainte de Cr\u0103ciun, \u00een chiar ultima zi de \u0219coal\u0103 de pe anul 2014.<\/p>\n<p>\u201eAm decis s\u0103 oferim cadouri tuturor copiilor, pentru c\u0103, indiferent de v\u00e2rst\u0103, cu to\u021bii ne bucur\u0103m de sosirea Cr\u0103ciunului. At\u00e2t cei mici, c\u00e2t \u0219i cei mari, ne-au \u00eenc\u00e2ntat cu momentele artistice preg\u0103tite special pentru sosirea Mo\u0219ului, sala de sport dovedindu-se, \u00een aceast\u0103 situa\u021bie, numai bun\u0103 pentru asemenea evenimente\u201d, a declarat primarul C\u0103t\u0103lin Corbea.<\/p>\n<p>Evenimentul de la Prundu a avut loc pe data de 19 decembrie.<\/p>\n\n","protected":false},"excerpt":{"rendered":"<p>Opt sute de copii s-au adunat \u00een sala de sport din comuna Prundu, unde, emo\u021biona\u021bi, l-au a\u0219teptat pe Mo\u0219 Cr\u0103ciun. Mo\u0219 care, anul acesta, a venit cu ajutorul primarului comunei, C\u0103t\u0103lin Corbea, cel care a oferit cadourile pentru to\u021bi copiii din comun\u0103, de la cel mai mic de gr\u0103dini\u021b\u0103, p\u00e2n\u0103 la elevii de clasa a [&hellip;]<\/p>\n","protected":false},"author":1,"featured_media":37584,"comment_status":"open","ping_status":"open","sticky":false,"template":"","format":"standard","meta":{"slim_seo":{"title":"Prim\u0103ria Prundu, Mo\u0219 Cr\u0103ciun pentru copiii din comun\u0103 - GIURGIU NET","description":"Opt sute de copii s-au adunat \u00een sala de sport din comuna Prundu, unde, emo\u021biona\u021bi, l-au a\u0219teptat pe Mo\u0219 Cr\u0103ciun. Mo\u0219 care, anul acesta, a venit cu ajutorul pri"},"footnotes":""},"categories":[19,26],"tags":[753,766,1241,2249],"class_list":["post-37583","post","type-post","status-publish","format-standard","has-post-thumbnail","category-adm","category-soc","tag-corbea","tag-craciun","tag-giurgiu","tag-prundu"],"_links":{"self":[{"href":"https:\/\/giurgiu-net.ro\/index.php\/wp-json\/wp\/v2\/posts\/37583","targetHints":{"allow":["GET"]}}],"collection":[{"href":"https:\/\/giurgiu-net.ro\/index.php\/wp-json\/wp\/v2\/posts"}],"about":[{"href":"https:\/\/giurgiu-net.ro\/index.php\/wp-json\/wp\/v2\/types\/post"}],"author":[{"embeddable":true,"href":"https:\/\/giurgiu-net.ro\/index.php\/wp-json\/wp\/v2\/users\/1"}],"replies":[{"embeddable":true,"href":"https:\/\/giurgiu-net.ro\/index.php\/wp-json\/wp\/v2\/comments?post=37583"}],"version-history":[{"count":0,"href":"https:\/\/giurgiu-net.ro\/index.php\/wp-json\/wp\/v2\/posts\/37583\/revisions"}],"wp:attachment":[{"href":"https:\/\/giurgiu-net.ro\/index.php\/wp-json\/wp\/v2\/media?parent=37583"}],"wp:term":[{"taxonomy":"category","embeddable":true,"href":"https:\/\/giurgiu-net.ro\/index.php\/wp-json\/wp\/v2\/categories?post=37583"},{"taxonomy":"post_tag","embeddable":true,"href":"https:\/\/giurgiu-net.ro\/index.php\/wp-json\/wp\/v2\/tags?post=37583"}],"curies":[{"name":"wp","href":"https:\/\/api.w.org\/{rel}","templated":true}]}}