{"id":37466,"date":"2014-12-19T17:28:02","date_gmt":"2014-12-19T15:28:02","guid":{"rendered":"http:\/\/giurgiu-net.ro\/?p=37466"},"modified":"2014-12-19T17:28:02","modified_gmt":"2014-12-19T15:28:02","slug":"ce-mesaje-transmit-social-democratii-giurgiuveni-semenilor-cu-ocazia-sarbatorilor-de-iarna","status":"publish","type":"post","link":"https:\/\/giurgiu-net.ro\/index.php\/2014\/12\/19\/ce-mesaje-transmit-social-democratii-giurgiuveni-semenilor-cu-ocazia-sarbatorilor-de-iarna\/","title":{"rendered":"Ce mesaje transmit social-democra\u0163ii giurgiuveni semenilor, cu ocazia s\u0103rb\u0103torilor de iarn\u0103"},"content":{"rendered":"<p>Ultima conferin\u0163\u0103 de pres\u0103 a PSD Giurgiu pe anul 2014 a avut loc vineri, 19 decembrie. A fost o \u00eent\u00e2lnire festiv\u0103, \u00een care au fost transmise g\u00e2nduri bune, at\u00e2t pentru presa local\u0103, c\u00e2t mai ales pentru \u201ctelespectatorii, cititorii \u015fi ascult\u0103torii\u201d no\u015ftri \u015fi, implicit, ai lor.<!--more--><\/p>\n<p><strong>R\u0103zvan Cuc, purt\u0103tor de cuv\u00e2nt PSD Giurgiu<\/strong><\/p>\n<p>\u201eAnul viitor va fi unul de construc\u0163ie a jude\u0163ului, dar \u015fi a \u0163\u0103rii. Nu vor mai fi campanii electorale, a\u015fa c\u0103 nu trebuie s\u0103 mai existe scuze dac\u0103 nu g\u0103sim solu\u0163ii comune pentru dezvoltarea jude\u0163ului nostru! Urez tuturor giurgiuvenilor Cr\u0103ciun Fericit iar \u00een 2015 s\u0103 fim mai uni\u0163i, mai r\u0103bd\u0103tori \u015fi s\u0103 \u0163inem cont de lec\u0163iile \u00eenv\u0103\u0163ate p\u00e2n\u0103 acum, \u00een beneficiul cet\u0103\u0163enilor municipiului \u015fi jude\u0163ului Giurgiu!\u201d<a href=\"https:\/\/giurgiu-net.ro\/wp-content\/uploads\/2014\/12\/DSC_0597.jpg\"><img loading=\"lazy\" decoding=\"async\" class=\"aligncenter size-large wp-image-37467\" src=\"https:\/\/giurgiu-net.ro\/wp-content\/uploads\/2014\/12\/DSC_0597-300x184.jpg\" alt=\"DSC_0597\" width=\"300\" height=\"184\" \/><\/a><\/p>\n<p><strong>Aurelia Dobre, vicepre\u015fedinte OFSD central<\/strong><\/p>\n<p>\u201e\u00cen prag de s\u0103rb\u0103tori, \u00eemi permit s\u0103 v\u0103 urez din partea pre\u015fedintelui Victor Ponta \u015fi a ministrului Rovana Plumb, La Mul\u0163i Ani, S\u0103rb\u0103tori Fericite, al\u0103turi de cei dragi! S\u0103 dea Dumnezeu ca 2015 s\u0103 fie un an lini\u015ftit \u015fi s\u0103 ne concentr\u0103m to\u0163i asupra binelui jude\u0163ului nostru!\u201d<a href=\"https:\/\/giurgiu-net.ro\/wp-content\/uploads\/2014\/12\/DSC_0602.jpg\"><img loading=\"lazy\" decoding=\"async\" class=\"aligncenter size-large wp-image-37468\" src=\"https:\/\/giurgiu-net.ro\/wp-content\/uploads\/2014\/12\/DSC_0602-300x221.jpg\" alt=\"DSC_0602\" width=\"300\" height=\"221\" \/><\/a><\/p>\n<p><strong>Crina Stoianovici, pre\u015fedinte OFSD Giurgiu<\/strong><\/p>\n<p>\u201eDin partea organiza\u0163iei jude\u0163ene a PSD Giurgiu v\u0103 urez Cr\u0103ciun Fericit, s\u0103 ne reg\u0103sim lini\u015ftea interioar\u0103, dar s\u0103 avem \u015fi un an bun! Un 2015 \u00een care s\u0103 fim mai uni\u0163i, s\u0103 avem putere s\u0103 facem tot ce e mai bun pentru semenii no\u015ftri, pentru copiii no\u015ftri!\u201d<\/p>\n<p><strong>Petronela S\u0103ndulescu, pre\u015fedintele organiza\u0163iei municipale a OFSD Giurgiu<\/strong><\/p>\n<p>\u201eV\u0103 doresc tuturor mult\u0103 s\u0103n\u0103tate, putere de munc\u0103, tot binele din lume! S\u0103 ne dea Dumnezeu ceea ce ne dorim \u015fi sper c\u0103 echipa \u00een care am intrat \u015fi cu care voi lucra s\u0103 fie a\u015fa cum \u00eemi doresc. Dar eu, mereu, am noroc de oameni buni cu adev\u0103rat! S\u0103n\u0103tate \u015fi La Mul\u0163i Ani tuturor giurgiuvenilor!\u201d<a href=\"https:\/\/giurgiu-net.ro\/wp-content\/uploads\/2014\/12\/DSC_06101.jpg\"><img loading=\"lazy\" decoding=\"async\" class=\"aligncenter size-large wp-image-37474\" src=\"https:\/\/giurgiu-net.ro\/wp-content\/uploads\/2014\/12\/DSC_06101-300x198.jpg\" alt=\"DSC_0610\" width=\"300\" height=\"198\" \/><\/a><\/p>\n<p><strong>Mirela Delea, profesor social-democrat<\/strong><\/p>\n<p>\u201e2014 a fost un an \u015fi bun, dar \u015fi greu pentru to\u0163i. Sper\u0103m c\u0103 2015- un an de construc\u0163ie, s\u0103 fie \u00eencununat de succese pentru noi to\u0163i! Mult\u0103 s\u0103n\u0103tate tuturor, bucurii, un Cr\u0103ciun cu lini\u015fte \u015fi un An Nou cu \u00eempliniri! La Mul\u0163i Ani \u015fi mul\u0163umesc tuturor celor care ne-au sus\u0163inut!\u201d<a href=\"https:\/\/giurgiu-net.ro\/wp-content\/uploads\/2014\/12\/DSC_05951.jpg\"><img loading=\"lazy\" decoding=\"async\" class=\"aligncenter size-large wp-image-37469\" src=\"https:\/\/giurgiu-net.ro\/wp-content\/uploads\/2014\/12\/DSC_05951-300x151.jpg\" alt=\"DSC_0595\" width=\"300\" height=\"151\" \/><\/a><\/p>\n<p><strong>Dan Cristescu, pre\u015fedinte organiza\u0163ia jude\u0163ean\u0103 a Pensionarilor Social-Democra\u0163i<\/strong><\/p>\n<p>\u201eLa Mul\u0163i Ani, dac\u0103 \u00eemi permite\u0163i, \u00een numele celor 73.101 pensionari \u00eenregistra\u0163i la nivelul jude\u0163ului nostru. \u00cen 2015, lupta va continua pentru aceast\u0103 categorie social\u0103 u\u015for defavorizat\u0103 \u015fi marginalizat\u0103, dar noi, cum spuneam, vom continua lupta, p\u0103str\u00e2nd demnitatea \u015fi calitatea uman\u0103. Mult\u0103 s\u0103n\u0103tate, via\u0163\u0103 lung\u0103 \u015fi un An Nou cu bine!\u201d<\/p>\n<p><strong>Ionu\u0163 Barbu, pre\u015fedinte organiza\u0163ia municipal\u0103 a TSD Giurgiu<\/strong><\/p>\n<p>\u201eLe mul\u0163umesc tuturor tinerilor giurgiuveni pentru ce au realizat \u00een 2014, iar \u00een 2015, vom ar\u0103ta c\u0103 putem \u015fi mai mult, c\u0103 putem schimba ceva! Cr\u0103ciun Fericit, un an plin cu speran\u0163\u0103 \u015fi realiz\u0103ri!\u201d<a href=\"https:\/\/giurgiu-net.ro\/wp-content\/uploads\/2014\/12\/DSC_0620.jpg\"><img loading=\"lazy\" decoding=\"async\" class=\"aligncenter size-large wp-image-37470\" src=\"https:\/\/giurgiu-net.ro\/wp-content\/uploads\/2014\/12\/DSC_0620-300x198.jpg\" alt=\"DSC_0620\" width=\"300\" height=\"198\" \/><\/a><\/p>\n<p><strong>Drago\u015f Udvuleanu, pre\u015fedintele organiza\u0163iei jude\u0163ene a TSD Giurgiu<\/strong><\/p>\n<p>\u201eLe mul\u0163umesc tuturor giurgiuvenilor care au fost al\u0103turi de noi, \u00een activit\u0103\u0163ile desf\u0103\u015furate \u00een 2014! \u00cen numele tuturor tinerilor social-democra\u0163i din municipiu, transmit giurgiuvenilor numai g\u00e2nduri bune \u015fi s\u0103rb\u0103tori c\u00e2t mai fericite!\u201d<\/p>\n<p><strong>Cristi Matei, director APDF Giurgiu<\/strong><\/p>\n<p>\u201eS\u0103rb\u0103tori Fericite! Sper\u0103m c\u0103 \u00een 2015, un an al reconstruc\u0163iei \u00eentr-adev\u0103r, ne va fi mai bine, nou\u0103 &#8211; rom\u00e2nilor, nou\u0103 &#8211; giurgiuvenilor, c\u0103 vom da dovad\u0103 de \u00een\u0163elegere \u015fi unitate! La Mul\u0163i Ani!\u201d<\/p>\n<p>La finalul conferin\u0163ei de pres\u0103, jurnali\u015ftii \u015fi reprezentan\u0163ii PSD Giurgiu au ciocnit o cup\u0103 cu \u015fampanie.<\/p>\n\n<p>Text \u015fi foto: C\u0103t\u0103lina Sfetcu<\/p>\n","protected":false},"excerpt":{"rendered":"<p>Ultima conferin\u0163\u0103 de pres\u0103 a PSD Giurgiu pe anul 2014 a avut loc vineri, 19 decembrie. A fost o \u00eent\u00e2lnire festiv\u0103, \u00een care au fost transmise g\u00e2nduri bune, at\u00e2t pentru presa local\u0103, c\u00e2t mai ales pentru \u201ctelespectatorii, cititorii \u015fi ascult\u0103torii\u201d no\u015ftri \u015fi, implicit, ai lor.<\/p>\n","protected":false},"author":1,"featured_media":37480,"comment_status":"open","ping_status":"open","sticky":false,"template":"","format":"standard","meta":{"slim_seo":{"title":"Ce mesaje transmit social-democra\u0163ii giurgiuveni semenilor, cu ocazia s\u0103rb\u0103torilor de iarn\u0103 - GIURGIU NET","description":"Ultima conferin\u0163\u0103 de pres\u0103 a PSD Giurgiu pe anul 2014 a avut loc vineri, 19 decembrie. A fost o \u00eent\u00e2lnire festiv\u0103, \u00een care au fost transmise g\u00e2nduri bune, at\u00e2t"},"footnotes":""},"categories":[18,19],"tags":[294,774,777,813,1991,2256,2290],"class_list":["post-37466","post","type-post","status-publish","format-standard","has-post-thumbnail","category-actual","category-adm","tag-aurelia-dobre","tag-crina-stoianovici","tag-cristi-matei","tag-dan-cristescu","tag-petronela-sandulescu","tag-psd-giurgiu","tag-razvan-cuc"],"_links":{"self":[{"href":"https:\/\/giurgiu-net.ro\/index.php\/wp-json\/wp\/v2\/posts\/37466","targetHints":{"allow":["GET"]}}],"collection":[{"href":"https:\/\/giurgiu-net.ro\/index.php\/wp-json\/wp\/v2\/posts"}],"about":[{"href":"https:\/\/giurgiu-net.ro\/index.php\/wp-json\/wp\/v2\/types\/post"}],"author":[{"embeddable":true,"href":"https:\/\/giurgiu-net.ro\/index.php\/wp-json\/wp\/v2\/users\/1"}],"replies":[{"embeddable":true,"href":"https:\/\/giurgiu-net.ro\/index.php\/wp-json\/wp\/v2\/comments?post=37466"}],"version-history":[{"count":0,"href":"https:\/\/giurgiu-net.ro\/index.php\/wp-json\/wp\/v2\/posts\/37466\/revisions"}],"wp:attachment":[{"href":"https:\/\/giurgiu-net.ro\/index.php\/wp-json\/wp\/v2\/media?parent=37466"}],"wp:term":[{"taxonomy":"category","embeddable":true,"href":"https:\/\/giurgiu-net.ro\/index.php\/wp-json\/wp\/v2\/categories?post=37466"},{"taxonomy":"post_tag","embeddable":true,"href":"https:\/\/giurgiu-net.ro\/index.php\/wp-json\/wp\/v2\/tags?post=37466"}],"curies":[{"name":"wp","href":"https:\/\/api.w.org\/{rel}","templated":true}]}}