{"id":37269,"date":"2014-12-09T19:07:58","date_gmt":"2014-12-09T17:07:58","guid":{"rendered":"http:\/\/giurgiu-net.ro\/?p=37269"},"modified":"2014-12-09T19:07:58","modified_gmt":"2014-12-09T17:07:58","slug":"ce-trebuie-sa-stie-profesorii-giurgiuveni-care-au-castigat-in-instanta-diferentele-de-drepturi-salariale","status":"publish","type":"post","link":"https:\/\/giurgiu-net.ro\/index.php\/2014\/12\/09\/ce-trebuie-sa-stie-profesorii-giurgiuveni-care-au-castigat-in-instanta-diferentele-de-drepturi-salariale\/","title":{"rendered":"Ce trebuie s\u0103 \u015ftie profesorii giurgiuveni care au c\u00e2\u015ftigat, \u00een instan\u0163\u0103, diferen\u0163ele de drepturi salariale?"},"content":{"rendered":"<p>Recentele declara\u021bii ale demnitarilor de la nivel central, cum c\u0103 profesorii care \u0219i-au c\u00e2\u0219tigat \u00een instan\u021b\u0103 diferen\u021bele de drepturi salariale, au iscat discu\u021bii la nivelul cadrelor didactice. Unii au primit banii \u00een \u00eentregime, \u00een timp ce al\u021bii au primit doar o parte din bani.<!--more--><\/p>\n<p>Inspectorul \u0219colar general, Gigi Opri\u0219an, a declarat, referitor la acest aspect:<\/p>\n<p>\u201eDe la Ministerul Finan\u021belor, am primit 73% din suma pentru anul 2o15. Sunt, \u00een schimb, \u0219coli care, pentru c\u0103 au f\u0103cut unele economii de-a lungul anului, au posibilitatea s\u0103 le achite integral profesorilor diferen\u021bele cu pricina pentru anul 2015. Celelalte \u0219coli vor achita bani pentru profesori, dar nu mai pu\u021bin de 73%\u201d, a precizat Gigi Opri\u0219an.<\/p>\n<p>De asemenea, inspectorul \u0219colar general a mai precizat c\u0103, pentru anul 2014, sumele au fost achitate integral.<\/p>\n<p>Material preluat de pe www.giurgiu-acum.ro<\/p>\n<p>&nbsp;<\/p>\n","protected":false},"excerpt":{"rendered":"<p>Recentele declara\u021bii ale demnitarilor de la nivel central, cum c\u0103 profesorii care \u0219i-au c\u00e2\u0219tigat \u00een instan\u021b\u0103 diferen\u021bele de drepturi salariale, au iscat discu\u021bii la nivelul cadrelor didactice. Unii au primit banii \u00een \u00eentregime, \u00een timp ce al\u021bii au primit doar o parte din bani.<\/p>\n","protected":false},"author":1,"featured_media":37270,"comment_status":"open","ping_status":"open","sticky":false,"template":"","format":"standard","meta":{"slim_seo":{"title":"Ce trebuie s\u0103 \u015ftie profesorii giurgiuveni care au c\u00e2\u015ftigat, \u00een instan\u0163\u0103, diferen\u0163ele de drepturi salariale? - GIURGIU NET","description":"Recentele declara\u021bii ale demnitarilor de la nivel central, cum c\u0103 profesorii care \u0219i-au c\u00e2\u0219tigat \u00een instan\u021b\u0103 diferen\u021bele de drepturi salariale, au iscat discu\u021bi"},"footnotes":""},"categories":[29],"tags":[1447,2375],"class_list":["post-37269","post","type-post","status-publish","format-standard","has-post-thumbnail","category-educatie-si-cultura","tag-isj-giurgiu","tag-salarii-profesori"],"_links":{"self":[{"href":"https:\/\/giurgiu-net.ro\/index.php\/wp-json\/wp\/v2\/posts\/37269","targetHints":{"allow":["GET"]}}],"collection":[{"href":"https:\/\/giurgiu-net.ro\/index.php\/wp-json\/wp\/v2\/posts"}],"about":[{"href":"https:\/\/giurgiu-net.ro\/index.php\/wp-json\/wp\/v2\/types\/post"}],"author":[{"embeddable":true,"href":"https:\/\/giurgiu-net.ro\/index.php\/wp-json\/wp\/v2\/users\/1"}],"replies":[{"embeddable":true,"href":"https:\/\/giurgiu-net.ro\/index.php\/wp-json\/wp\/v2\/comments?post=37269"}],"version-history":[{"count":0,"href":"https:\/\/giurgiu-net.ro\/index.php\/wp-json\/wp\/v2\/posts\/37269\/revisions"}],"wp:attachment":[{"href":"https:\/\/giurgiu-net.ro\/index.php\/wp-json\/wp\/v2\/media?parent=37269"}],"wp:term":[{"taxonomy":"category","embeddable":true,"href":"https:\/\/giurgiu-net.ro\/index.php\/wp-json\/wp\/v2\/categories?post=37269"},{"taxonomy":"post_tag","embeddable":true,"href":"https:\/\/giurgiu-net.ro\/index.php\/wp-json\/wp\/v2\/tags?post=37269"}],"curies":[{"name":"wp","href":"https:\/\/api.w.org\/{rel}","templated":true}]}}