{"id":36982,"date":"2014-11-21T15:54:55","date_gmt":"2014-11-21T13:54:55","guid":{"rendered":"http:\/\/giurgiu-net.ro\/?p=36982"},"modified":"2014-11-21T15:54:55","modified_gmt":"2014-11-21T13:54:55","slug":"accident-provocat-de-un-sofer-giurgiuvean-in-varsta-de-16-ani","status":"publish","type":"post","link":"https:\/\/giurgiu-net.ro\/index.php\/2014\/11\/21\/accident-provocat-de-un-sofer-giurgiuvean-in-varsta-de-16-ani\/","title":{"rendered":"Accident provocat de un \u015fofer giurgiuvean \u00een v\u00e2rst\u0103 de\u2026 16 ani"},"content":{"rendered":"<p>S-a \u00eent\u00e2mplat joi dup\u0103-amiaza, la Comana.<!--more--><\/p>\n<p>O femeie a sunat la 112, dup\u0103 ce s-a trezit cu o ma\u015fin\u0103 \u00een gardul gospod\u0103riei sale.<\/p>\n<p>Poli\u0163i\u015ftii au descoperit c\u0103 \u015foferul autoturismului era un b\u0103iat, \u00een v\u00e2rst\u0103 de 16 ani, din aceea\u015fi localitate.<\/p>\n<p>La intersec\u0163ia Drumului Jude\u0163ean 412 A cu DN 5A, tanarul a pierdut controlul direc\u0163iei de mers, a p\u0103r\u0103sit \u015foseaua \u015fi a intrat \u00een gardul unui imobil.<\/p>\n<p>\u00cen urma evenimentului rutier, nu au existat persoane r\u0103nite, ci au fost doar pagube materiale.<\/p>\n<p><em>\u201eMinorul este cercetat sub aspectul s\u0103v\u00e2r\u015firii infrac\u0163iunii de conducerea pe drumurile publice a unui autovehicul de c\u0103tre o persoan\u0103 care nu posed\u0103 permis de conducere\u201d<\/em>, spun cei de la Poli\u0163ia Giurgiu.<\/p>\n<p>&nbsp;<\/p>\n","protected":false},"excerpt":{"rendered":"<p>S-a \u00eent\u00e2mplat joi dup\u0103-amiaza, la Comana.<\/p>\n","protected":false},"author":1,"featured_media":35001,"comment_status":"open","ping_status":"open","sticky":false,"template":"","format":"standard","meta":{"slim_seo":{"title":"Accident provocat de un \u015fofer giurgiuvean \u00een v\u00e2rst\u0103 de\u2026 16 ani - GIURGIU NET","description":"S-a \u00eent\u00e2mplat joi dup\u0103-amiaza, la Comana. O femeie a sunat la 112, dup\u0103 ce s-a trezit cu o ma\u015fin\u0103 \u00een gardul gospod\u0103riei sale. Poli\u0163i\u015ftii au descoperit c\u0103 \u015foferu"},"footnotes":""},"categories":[18,26],"tags":[75],"class_list":{"0":"post-36982","1":"post","2":"type-post","3":"status-publish","4":"format-standard","5":"has-post-thumbnail","7":"category-actual","8":"category-soc","9":"tag-accident-rutier"},"_links":{"self":[{"href":"https:\/\/giurgiu-net.ro\/index.php\/wp-json\/wp\/v2\/posts\/36982","targetHints":{"allow":["GET"]}}],"collection":[{"href":"https:\/\/giurgiu-net.ro\/index.php\/wp-json\/wp\/v2\/posts"}],"about":[{"href":"https:\/\/giurgiu-net.ro\/index.php\/wp-json\/wp\/v2\/types\/post"}],"author":[{"embeddable":true,"href":"https:\/\/giurgiu-net.ro\/index.php\/wp-json\/wp\/v2\/users\/1"}],"replies":[{"embeddable":true,"href":"https:\/\/giurgiu-net.ro\/index.php\/wp-json\/wp\/v2\/comments?post=36982"}],"version-history":[{"count":0,"href":"https:\/\/giurgiu-net.ro\/index.php\/wp-json\/wp\/v2\/posts\/36982\/revisions"}],"wp:featuredmedia":[{"embeddable":true,"href":"https:\/\/giurgiu-net.ro\/index.php\/wp-json\/wp\/v2\/media\/35001"}],"wp:attachment":[{"href":"https:\/\/giurgiu-net.ro\/index.php\/wp-json\/wp\/v2\/media?parent=36982"}],"wp:term":[{"taxonomy":"category","embeddable":true,"href":"https:\/\/giurgiu-net.ro\/index.php\/wp-json\/wp\/v2\/categories?post=36982"},{"taxonomy":"post_tag","embeddable":true,"href":"https:\/\/giurgiu-net.ro\/index.php\/wp-json\/wp\/v2\/tags?post=36982"}],"curies":[{"name":"wp","href":"https:\/\/api.w.org\/{rel}","templated":true}]}}