{"id":36953,"date":"2014-11-21T10:25:54","date_gmt":"2014-11-21T08:25:54","guid":{"rendered":"http:\/\/giurgiu-net.ro\/?p=36953"},"modified":"2014-11-21T10:25:54","modified_gmt":"2014-11-21T08:25:54","slug":"catalin-corbea-nu-voi-pleca-din-echipa-psd","status":"publish","type":"post","link":"https:\/\/giurgiu-net.ro\/index.php\/2014\/11\/21\/catalin-corbea-nu-voi-pleca-din-echipa-psd\/","title":{"rendered":"C\u0103t\u0103lin CORBEA: \u201eNu voi pleca din echipa PSD!\u201d"},"content":{"rendered":"<p>Imediat dup\u0103 turul al doilea al preziden\u021bialelor, pe pia\u021ba politic\u0103 din Giurgiu a fost lansat zvonul c\u0103 mai mul\u021bi primari care, urmare a OUG 55, \u0219i-au exprimat op\u021biunea politic\u0103 pentru Partidul Social Democrat, ar vrea s\u0103 se \u00eentoarc\u0103 la partidele de la care au plecat, PNL, \u00een mod special. Mai mult, aceia\u0219i \u201ezvonaci\u201d au r\u0103sp\u00e2ndit informa\u021bia conform c\u0103reia ace\u0219ti primari chiar ar fi f\u0103cut un \u201eocol\u201d pe la sediul PNL, dup\u0103 ce au predat la sediul social-democra\u021bilor procesele verbale de la sec\u021biile de vot din comunele conduse de ei. Printre ace\u0219tia, a fost vehiculat chiar \u0219i numele primarului din Prundu, un important bazin electoral, C\u0103t\u0103lin Corbea.<!--more--><\/p>\n<p>Acesta a declarat, pentru giurgiu-net.ro:<\/p>\n<p>\u201eNu m\u0103 voi \u00eentoarce niciodat\u0103 la PNL. Aici, la PSD, am g\u0103sit cea mai bun\u0103 echip\u0103 din care am f\u0103cut vreodat\u0103 parte, \u0219i care s-a dovedit c\u0103 a func\u021bionat perfect. \u00cen ultimele luni, cel pu\u021bin, avem rezultate excelente, nu doar pe plan politic, c\u00e2t \u0219i administrativ. Proiectele pe care at\u00e2t senatorul Niculae B\u0103d\u0103l\u0103u, c\u00e2t \u0219i vicepre\u0219edintele CJ, Cristian Marciu ni le-au sus\u021binut la Ministerul Dezvolt\u0103rii, \u00eencep s\u0103 prind\u0103 contur, astfel c\u0103 oamenii din comunit\u0103\u021bile noastre au decis s\u0103 dea girul pentru PSD. Rezultatul de la Prundu, cel pu\u021bin, de peste 80 de procente \u00een favoarea lui Victor Ponta, demonstreaz\u0103 c\u0103 locuitorii comunei au \u00een\u021beles c\u0103 aceasta este cea mai bun\u0103 op\u021biune, \u0219i a fost modul lor de a ar\u0103ta c\u0103 \u0219i echipa din administra\u021bie (primar, viceprimar, consilieri) au ales s\u0103 fac\u0103 parte dintr-o echip\u0103 care, la nevoie, poate sprijini comunitatea. \u0218i noi, la r\u00e2ndul nostru, avem obliga\u021bia de a respecta opinia comunit\u0103\u021bii, a electoratului, care \u0219i-a exprimat votul pro-PSD, \u0219i s\u0103 ne p\u0103str\u0103m linia pe care am pornit\u201d.<\/p>\n<p>De asemenea, C\u0103t\u0103lin Corbea mai afirma c\u0103, inclusiv din discu\u021biile pe care le-a avut cu mai mul\u021bi colegi \u0219i prieteni primari, \u00een special cei din localit\u0103\u021bile apropiate, niciunul dintre ace\u0219tia nu va face vreo schimbare din punct de vedere politic \u00een perioada urm\u0103toare, infirm\u00e2nd, \u00een acest fel, zvonurile de destabilizare lansate pe pia\u021b\u0103 de adversarii politici.<\/p>\n<p>Oana C\u0102LIN<\/p>\n","protected":false},"excerpt":{"rendered":"<p>Imediat dup\u0103 turul al doilea al preziden\u021bialelor, pe pia\u021ba politic\u0103 din Giurgiu a fost lansat zvonul c\u0103 mai mul\u021bi primari care, urmare a OUG 55, \u0219i-au exprimat op\u021biunea politic\u0103 pentru Partidul Social Democrat, ar vrea s\u0103 se \u00eentoarc\u0103 la partidele de la care au plecat, PNL, \u00een mod special. Mai mult, aceia\u0219i \u201ezvonaci\u201d au r\u0103sp\u00e2ndit [&hellip;]<\/p>\n","protected":false},"author":1,"featured_media":36849,"comment_status":"open","ping_status":"open","sticky":false,"template":"","format":"standard","meta":{"slim_seo":{"title":"C\u0103t\u0103lin CORBEA: \u201eNu voi pleca din echipa PSD!\u201d - GIURGIU NET","description":"Imediat dup\u0103 turul al doilea al preziden\u021bialelor, pe pia\u021ba politic\u0103 din Giurgiu a fost lansat zvonul c\u0103 mai mul\u021bi primari care, urmare a OUG 55, \u0219i-au exprimat"},"footnotes":""},"categories":[19,25],"tags":[753,1890,2249],"class_list":["post-36953","post","type-post","status-publish","format-standard","has-post-thumbnail","category-adm","category-pol","tag-corbea","tag-optiune-politica","tag-prundu"],"_links":{"self":[{"href":"https:\/\/giurgiu-net.ro\/index.php\/wp-json\/wp\/v2\/posts\/36953","targetHints":{"allow":["GET"]}}],"collection":[{"href":"https:\/\/giurgiu-net.ro\/index.php\/wp-json\/wp\/v2\/posts"}],"about":[{"href":"https:\/\/giurgiu-net.ro\/index.php\/wp-json\/wp\/v2\/types\/post"}],"author":[{"embeddable":true,"href":"https:\/\/giurgiu-net.ro\/index.php\/wp-json\/wp\/v2\/users\/1"}],"replies":[{"embeddable":true,"href":"https:\/\/giurgiu-net.ro\/index.php\/wp-json\/wp\/v2\/comments?post=36953"}],"version-history":[{"count":0,"href":"https:\/\/giurgiu-net.ro\/index.php\/wp-json\/wp\/v2\/posts\/36953\/revisions"}],"wp:featuredmedia":[{"embeddable":true,"href":"https:\/\/giurgiu-net.ro\/index.php\/wp-json\/wp\/v2\/media\/36849"}],"wp:attachment":[{"href":"https:\/\/giurgiu-net.ro\/index.php\/wp-json\/wp\/v2\/media?parent=36953"}],"wp:term":[{"taxonomy":"category","embeddable":true,"href":"https:\/\/giurgiu-net.ro\/index.php\/wp-json\/wp\/v2\/categories?post=36953"},{"taxonomy":"post_tag","embeddable":true,"href":"https:\/\/giurgiu-net.ro\/index.php\/wp-json\/wp\/v2\/tags?post=36953"}],"curies":[{"name":"wp","href":"https:\/\/api.w.org\/{rel}","templated":true}]}}