{"id":36945,"date":"2014-11-20T15:53:11","date_gmt":"2014-11-20T13:53:11","guid":{"rendered":"http:\/\/giurgiu-net.ro\/?p=36945"},"modified":"2014-11-20T15:53:11","modified_gmt":"2014-11-20T13:53:11","slug":"nicolae-barbu-ai-invins-continua-ai-pierdut-continua","status":"publish","type":"post","link":"https:\/\/giurgiu-net.ro\/index.php\/2014\/11\/20\/nicolae-barbu-ai-invins-continua-ai-pierdut-continua\/","title":{"rendered":"Nicolae BARBU: \u201eAi \u00eenvins, continu\u0103; ai pierdut, continu\u0103!\u201d"},"content":{"rendered":"<p>Turul al doilea al alegerilor preziden\u021biale s-a \u00eencheiat, Klaus Iohannis a c\u00e2\u0219tigat alegerile. De\u0219i au pierdut, liderii PSD, de la cel mai \u00eenalt nivel, p\u00e2n\u0103 \u00een teritoriu, au dovedit fair-play, \u0219i i-au felicitat pe \u00eenving\u0103tori.<\/p>\n<p>Pe de alt\u0103 parte, liderii organiza\u021biei giurgiuvene a PSD, \u00een prima conferin\u021b\u0103 de pres\u0103 organizat\u0103 la Giurgiu, au afirmat c\u0103 spiritul olimpic este mai prezent dec\u00e2t oric\u00e2nd \u00een r\u00e2ndurile social-democra\u021bilor giurgiuveni.\u00a0<!--more--><\/p>\n<p>R\u0103zvan Cuc, purt\u0103torul de cuv\u00e2nt al organiza\u021biei jude\u021bene a PSD, declara:<\/p>\n<p>\u201eLe mul\u021bumim giurgiuvenilor care, \u00een num\u0103r mare, au ie\u0219it \u0219i \u0219i-au exercitat dreptul constitu\u021bional la vot. \u00a0Giurgiu s-a clasat, din nou, at\u00e2t ca jude\u021b, c\u00e2t \u0219i ca municipiu re\u0219edin\u021b\u0103 de jude\u021b, pe primul loc la nivel na\u021bional \u00een ceea ce prive\u0219te procentul \u00eenregistrat de candidatul nostru. De\u0219i noi ne-am fi dorit altceva, majoritatea a decis. Dar trebuie s\u0103 \u00een\u021belegem cu to\u021bii c\u0103, odat\u0103 procesul electoral \u00eencheiat, s\u0103 termin\u0103m cu aceast\u0103 catalogare a votan\u021bilor unuia sau altuia dintre candida\u021bi, \u0219i s\u0103 \u00eencepem s\u0103 conlucr\u0103m pentru binele tuturor rom\u00e2nilor. Avem obliga\u021bia s\u0103 nu dezam\u0103gim votul din 2012 c\u00e2nd Victor Ponta a pornit un proiect guvernamental, chiar dac\u0103 staff-ul lui Klaus Iohannis a transmis deja o serie de mesaje c\u0103 s-ar vrea preluarea total\u0103 a puterii.<\/p>\n<p>La nivel local, vom continua proiectul de colaborare cu partenerii no\u0219tri (PLR, PC, UNPR \u0219i Partida Romilor), \u0219i ne vom zbate \u00een continuare pentru ca localit\u0103\u021bile care au nevoie s\u0103 poat\u0103 beneficia de fonduri pentru dezvoltare. Adev\u0103ratul c\u00e2\u0219tig\u0103tor al acestor alegeri este \u0219i trebuie s\u0103 fie poporul rom\u00e2n, nu o clas\u0103 politic\u0103 sau alta\u201d, a mai precizat R\u0103zvan Cuc.<\/p>\n<p>La r\u00e2ndul s\u0103u, primarul municipiului, \u0219i, totodat\u0103, pre\u0219edinte al organiza\u021biei municipale a PSD, Nicolae Barbu, afirma, \u00een cadrul aceleia\u0219i conferin\u021be de pres\u0103:<\/p>\n<p>\u201eLe mul\u021bumesc locuitorilor ora\u0219ului care au ie\u0219it s\u0103 voteze. Teama mea cea mare, ca o glum\u0103, bine\u00een\u021beles, era c\u0103, la ritmul \u00een care se ie\u0219ea din case la vot pe raza municipiului, va fi b\u0103tut recordul de prezen\u021b\u0103 de la alegerile locale din 2012; acum doar dou\u0103 mii de voturi au lipsit pentru a se atinge cifra de atunci. Ce trebuie s\u0103 \u00een\u021belegem acum cu to\u021bii este c\u0103 avem acum un pre\u0219edinte ales, minoritatea (\u00een materie de op\u021biune) trebuie s\u0103 se supun\u0103 majorit\u0103\u021bii. Mai mult, trebuie spus c\u0103 la noi, la PSD, spiritul olimpic este mai prezent dec\u00e2t oriunde. Ne-am ghidat \u0219i ne ghid\u0103m dup\u0103 principiul: ai c\u00e2\u0219tigat (\u0219i am f\u0103cut-o \u00een 2012 la alegerile locale, apoi \u00een prim\u0103vara lui 2014 c\u00e2nd am c\u00e2\u0219tigat europarlamentarele), continu\u0103; ai pierdut, continu\u0103!\u201d, a precizat Nicolae Barbu.<\/p>\n<p>Oana C\u0102LIN<\/p>\n","protected":false},"excerpt":{"rendered":"<p>Turul al doilea al alegerilor preziden\u021biale s-a \u00eencheiat, Klaus Iohannis a c\u00e2\u0219tigat alegerile. De\u0219i au pierdut, liderii PSD, de la cel mai \u00eenalt nivel, p\u00e2n\u0103 \u00een teritoriu, au dovedit fair-play, \u0219i i-au felicitat pe \u00eenving\u0103tori. Pe de alt\u0103 parte, liderii organiza\u021biei giurgiuvene a PSD, \u00een prima conferin\u021b\u0103 de pres\u0103 organizat\u0103 la Giurgiu, au afirmat c\u0103 [&hellip;]<\/p>\n","protected":false},"author":1,"featured_media":36946,"comment_status":"open","ping_status":"open","sticky":false,"template":"","format":"standard","meta":{"slim_seo":{"title":"Nicolae BARBU: \u201eAi \u00eenvins, continu\u0103; ai pierdut, continu\u0103!\u201d - GIURGIU NET","description":"Turul al doilea al alegerilor preziden\u021biale s-a \u00eencheiat, Klaus Iohannis a c\u00e2\u0219tigat alegerile. De\u0219i au pierdut, liderii PSD, de la cel mai \u00eenalt nivel, p\u00e2n\u0103 \u00een"},"footnotes":""},"categories":[19,25],"tags":[155,2256,2330],"class_list":{"0":"post-36945","1":"post","2":"type-post","3":"status-publish","4":"format-standard","5":"has-post-thumbnail","7":"category-adm","8":"category-pol","9":"tag-alegeri","10":"tag-psd-giurgiu","11":"tag-rezultate"},"_links":{"self":[{"href":"https:\/\/giurgiu-net.ro\/index.php\/wp-json\/wp\/v2\/posts\/36945","targetHints":{"allow":["GET"]}}],"collection":[{"href":"https:\/\/giurgiu-net.ro\/index.php\/wp-json\/wp\/v2\/posts"}],"about":[{"href":"https:\/\/giurgiu-net.ro\/index.php\/wp-json\/wp\/v2\/types\/post"}],"author":[{"embeddable":true,"href":"https:\/\/giurgiu-net.ro\/index.php\/wp-json\/wp\/v2\/users\/1"}],"replies":[{"embeddable":true,"href":"https:\/\/giurgiu-net.ro\/index.php\/wp-json\/wp\/v2\/comments?post=36945"}],"version-history":[{"count":0,"href":"https:\/\/giurgiu-net.ro\/index.php\/wp-json\/wp\/v2\/posts\/36945\/revisions"}],"wp:featuredmedia":[{"embeddable":true,"href":"https:\/\/giurgiu-net.ro\/index.php\/wp-json\/wp\/v2\/media\/36946"}],"wp:attachment":[{"href":"https:\/\/giurgiu-net.ro\/index.php\/wp-json\/wp\/v2\/media?parent=36945"}],"wp:term":[{"taxonomy":"category","embeddable":true,"href":"https:\/\/giurgiu-net.ro\/index.php\/wp-json\/wp\/v2\/categories?post=36945"},{"taxonomy":"post_tag","embeddable":true,"href":"https:\/\/giurgiu-net.ro\/index.php\/wp-json\/wp\/v2\/tags?post=36945"}],"curies":[{"name":"wp","href":"https:\/\/api.w.org\/{rel}","templated":true}]}}