{"id":36757,"date":"2014-11-07T16:16:44","date_gmt":"2014-11-07T14:16:44","guid":{"rendered":"http:\/\/giurgiu-net.ro\/?p=36757"},"modified":"2014-11-07T16:16:44","modified_gmt":"2014-11-07T14:16:44","slug":"catalin-corbea-marin-anton-nu-mi-mai-este-nici-prieten-nici-dusman","status":"publish","type":"post","link":"https:\/\/giurgiu-net.ro\/index.php\/2014\/11\/07\/catalin-corbea-marin-anton-nu-mi-mai-este-nici-prieten-nici-dusman\/","title":{"rendered":"C\u0103t\u0103lin CORBEA: \u201eMarin Anton nu-mi mai este nici prieten, nici du\u0219man&#8230;\u201d"},"content":{"rendered":"<p>Din nou, comuna Prundu se afl\u0103 pe primul loc \u00een colegiul doi \u00een ceea ce prive\u0219te num\u0103rul de voturi \u00een favoarea PSD. La fel s-a \u00eent\u00e2mplat \u0219i la alegerile europarlamentare din aceast\u0103 prim\u0103var\u0103, c\u00e2nd locuitorii din comun\u0103 au votat, \u00eentr-un num\u0103r cov\u00e2r\u0219itor, candida\u021bii social-democra\u021bi pentru Parlamentul European.<!--more--><\/p>\n<p>Recent, \u00eentr-o conferin\u021b\u0103 de pres\u0103 sus\u021binut\u0103 la sediul partidului s\u0103u, liderul PMP Giurgiu, Marin Anton, declara c\u0103, spre \u201enedragul\u201d primarului comunei Prundu, C\u0103t\u0103lin Corbea, va vota, \u00een turul doi al alegerilor preziden\u021biale, candidatul social-democrat Victor Ponta.<\/p>\n<p>Referindu-se la aceste afirma\u021bii, primarul C\u0103t\u0103lin Corbea a declarat, pentru giurgiu-net.ro:<\/p>\n<p>\u201eMarin Anton este extrem de sup\u0103rat pe mine. Are mai multe motive, dar pentru rezultatele politice proaste (\u0219i la aceste alegeri, \u0219i la cele europarlamentare, abia a ob\u021binut pu\u021bin peste 5,5%) nu trebuie s\u0103 fie sup\u0103rat pe nimeni. Electoratul din comuna Prundu a votat, tot timpul, cu discern\u0103m\u00e2nt, iar \u00een timp s-a dovedit c\u0103 ceea ce au votat prundenii, au votat bine, at\u00e2t pentru ei, c\u00e2t \u0219i pentru localitatea Prundu.<\/p>\n<p>\u00cen ceea ce prive\u0219te rela\u021bia mea actual\u0103 cu Marin Anton, acesta nu mai este, \u00een momentul de fa\u021b\u0103, nici \u00een grupul meu de prieteni, nici \u00een cel de du\u0219mani. Cu c\u00e2t drumurile noastre se vor intersecta mai rar de acum \u00eenainte, cu at\u00e2t mai bine pentru am\u00e2ndoi!\u201d, a spus C\u0103t\u0103lin Corbea.<\/p>\n<p>De asemenea, primarul comunei Prundu a \u021binut s\u0103 mul\u021bumeasc\u0103 locuitorilor din comuna Prundu, pentru votul acordat \u00een 2 noiembrie.<\/p>\n<p>\u201eLe mul\u021bumesc prundenilor pentru c\u0103 au votat \u00een propor\u021bie cov\u00e2r\u0219itoare &#8211; peste 82% &#8211; candidatul Victor Ponta, \u0219i de asemenea le adresez rug\u0103mintea ca, din nou, pe data de 16 noiembrie, s\u0103 ias\u0103 la vot, \u0219i s\u0103 voteze ceea ce cred dumnealor c\u0103 este bun pentru ei, pentru noi to\u021bi, pentru localitatea noastr\u0103!\u201d, a mai spus primarul C\u0103t\u0103lin Corbea.<\/p>\n<p>Oana C\u0102LIN<\/p>\n","protected":false},"excerpt":{"rendered":"<p>Din nou, comuna Prundu se afl\u0103 pe primul loc \u00een colegiul doi \u00een ceea ce prive\u0219te num\u0103rul de voturi \u00een favoarea PSD. La fel s-a \u00eent\u00e2mplat \u0219i la alegerile europarlamentare din aceast\u0103 prim\u0103var\u0103, c\u00e2nd locuitorii din comun\u0103 au votat, \u00eentr-un num\u0103r cov\u00e2r\u0219itor, candida\u021bii social-democra\u021bi pentru Parlamentul European.<\/p>\n","protected":false},"author":1,"featured_media":36758,"comment_status":"open","ping_status":"open","sticky":false,"template":"","format":"standard","meta":{"slim_seo":{"title":"C\u0103t\u0103lin CORBEA: \u201eMarin Anton nu-mi mai este nici prieten, nici du\u0219man...\u201d - GIURGIU NET","description":"Din nou, comuna Prundu se afl\u0103 pe primul loc \u00een colegiul doi \u00een ceea ce prive\u0219te num\u0103rul de voturi \u00een favoarea PSD. La fel s-a \u00eent\u00e2mplat \u0219i la alegerile europar"},"footnotes":""},"categories":[19,25],"tags":[155,236,753,1241,2249],"class_list":["post-36757","post","type-post","status-publish","format-standard","has-post-thumbnail","category-adm","category-pol","tag-alegeri","tag-anton","tag-corbea","tag-giurgiu","tag-prundu"],"_links":{"self":[{"href":"https:\/\/giurgiu-net.ro\/index.php\/wp-json\/wp\/v2\/posts\/36757","targetHints":{"allow":["GET"]}}],"collection":[{"href":"https:\/\/giurgiu-net.ro\/index.php\/wp-json\/wp\/v2\/posts"}],"about":[{"href":"https:\/\/giurgiu-net.ro\/index.php\/wp-json\/wp\/v2\/types\/post"}],"author":[{"embeddable":true,"href":"https:\/\/giurgiu-net.ro\/index.php\/wp-json\/wp\/v2\/users\/1"}],"replies":[{"embeddable":true,"href":"https:\/\/giurgiu-net.ro\/index.php\/wp-json\/wp\/v2\/comments?post=36757"}],"version-history":[{"count":0,"href":"https:\/\/giurgiu-net.ro\/index.php\/wp-json\/wp\/v2\/posts\/36757\/revisions"}],"wp:featuredmedia":[{"embeddable":true,"href":"https:\/\/giurgiu-net.ro\/index.php\/wp-json\/wp\/v2\/media\/36758"}],"wp:attachment":[{"href":"https:\/\/giurgiu-net.ro\/index.php\/wp-json\/wp\/v2\/media?parent=36757"}],"wp:term":[{"taxonomy":"category","embeddable":true,"href":"https:\/\/giurgiu-net.ro\/index.php\/wp-json\/wp\/v2\/categories?post=36757"},{"taxonomy":"post_tag","embeddable":true,"href":"https:\/\/giurgiu-net.ro\/index.php\/wp-json\/wp\/v2\/tags?post=36757"}],"curies":[{"name":"wp","href":"https:\/\/api.w.org\/{rel}","templated":true}]}}