{"id":36737,"date":"2014-11-06T13:29:04","date_gmt":"2014-11-06T11:29:04","guid":{"rendered":"http:\/\/giurgiu-net.ro\/?p=36737"},"modified":"2014-11-06T13:29:04","modified_gmt":"2014-11-06T11:29:04","slug":"ambulante-noi-in-parcul-auto-al-serviciului-din-giurgiu","status":"publish","type":"post","link":"https:\/\/giurgiu-net.ro\/index.php\/2014\/11\/06\/ambulante-noi-in-parcul-auto-al-serviciului-din-giurgiu\/","title":{"rendered":"Ambulan\u021be noi \u00een parcul auto al serviciului din Giurgiu"},"content":{"rendered":"<p>Parcul auto al Serviciului Jude\u021bean de Ambulan\u021b\u0103 este, \u00een cea mai mare parte a sa, extrem de \u00eenvechit. Majoritatea autospecialelor sunt deja trecute de 500.000 de kilometri, iar piesele \u0219i \u00eentre\u021binerea propriu-zise sunt extrem de costisitoare, afirma managerul general al SJA, Gabriela Lupu.<!--more--><\/p>\n<p>\u00cen aceste condi\u021bii, s\u00e2mb\u0103t\u0103, 8 noiembrie, la Cluj va avea loc \u00eenm\u00e2narea cheilor pentru 51 de ambulan\u021be noi, achizi\u021bionate de Departamentul pentru Situa\u021bii de Urgen\u021b\u0103 din cadrul Ministerului Afacerilor de Interne. Dintre acestea, dou\u0103 ambulan\u021be vor ajunge \u0219i la Giurgiu.<\/p>\n<p>\u201eSolicitarea ini\u021bial\u0103, f\u0103cut\u0103 la \u00eenceputul acestui an, este de opt ambulan\u021be, dou\u0103 de tip C (ambulan\u021be dotate, care au echipaj deservit obligatoriu \u0219i de medic) \u0219i \u0219ase de tip B (ambulan\u021be de interven\u021bie, deservite de asistent \u0219i ambulan\u021bier). Ca urmare a numeroaselor noastre interven\u021bii (adrese scrise, drumuri la Bucure\u0219ti), ieri, 5 noiembrie, am primit vestea cea mare: dou\u0103 ambulan\u021be, nu \u0219tim \u00eenc\u0103 ce tip, au fost alocate Serviciului Jude\u021bean de Ambulan\u021b\u0103 Giurgiu\u201d, a declarat, pentru giurgiu-acum.ro, managerul SJA, Gabriela Lupu.<\/p>\n<p>\u00cen jude\u021bul nostru func\u021bioneaz\u0103 o sta\u021bie central\u0103 (situat\u0103 \u00een municipiu), \u0219i patru substa\u021bii (Ghimpa\u021bi, Clejani, Bolintin Deal \u0219i Budeni), deservite de un total de 25 de autospeciale (dou\u0103 de tip C &#8211; deservite de medici, \u00een mod obligatoriu, 19 de tip B &#8211; deservite de asisten\u021bi \u0219i ambulan\u021bieri \u0219i patru\u00a0de tip A &#8211; destinate transportului de pacien\u021bi), \u0219i de \u0219ase medici c\u0103rora li se adaug\u0103 al\u021bi doi care efectueaz\u0103 g\u0103rzi \u0219i \u0219ase reziden\u021bi pe post.<\/p>\n<p>\u201eNe-ar bucura dac\u0103 una dintre ma\u0219inile noi ar fi tip C, pentru c\u0103, de ceva timp, st\u0103m cu o ambulan\u021b\u0103 de acest tip \u201epe dreapta\u201d, ca urmare a unui accident rutier \u00een care a fost implicat\u0103. Cu alte cuvinte, un \u201eC\u201d ar fi un balon de oxigen pentru serviciul nostru\u201d, a mai precizat Gabriela Lupu.<\/p>\n<p>\u00cen afara celor dou\u0103 ambulan\u021be care vor porni s\u00e2mb\u0103t\u0103 spre Giurgiu, Gabriela Lupu sper\u0103 ca, \u00een cea de-a treia tran\u0219\u0103 (care va fi livrat\u0103 c\u00e2t de cur\u00e2nd), jude\u021bul nostru s\u0103 se reg\u0103seasc\u0103, din nou, cu autoturisme noi.<\/p>\n<p>Oana C\u0102LIN<\/p>\n","protected":false},"excerpt":{"rendered":"<p>Parcul auto al Serviciului Jude\u021bean de Ambulan\u021b\u0103 este, \u00een cea mai mare parte a sa, extrem de \u00eenvechit. Majoritatea autospecialelor sunt deja trecute de 500.000 de kilometri, iar piesele \u0219i \u00eentre\u021binerea propriu-zise sunt extrem de costisitoare, afirma managerul general al SJA, Gabriela Lupu.<\/p>\n","protected":false},"author":1,"featured_media":36739,"comment_status":"open","ping_status":"open","sticky":false,"template":"","format":"standard","meta":{"slim_seo":{"title":"Ambulan\u021be noi \u00een parcul auto al serviciului din Giurgiu - GIURGIU NET","description":"Parcul auto al Serviciului Jude\u021bean de Ambulan\u021b\u0103 este, \u00een cea mai mare parte a sa, extrem de \u00eenvechit. Majoritatea autospecialelor sunt deja trecute de 500.000"},"footnotes":""},"categories":[19,26],"tags":[193,1241,2492],"class_list":{"0":"post-36737","1":"post","2":"type-post","3":"status-publish","4":"format-standard","5":"has-post-thumbnail","7":"category-adm","8":"category-soc","9":"tag-ambulante","10":"tag-giurgiu","11":"tag-sja"},"_links":{"self":[{"href":"https:\/\/giurgiu-net.ro\/index.php\/wp-json\/wp\/v2\/posts\/36737","targetHints":{"allow":["GET"]}}],"collection":[{"href":"https:\/\/giurgiu-net.ro\/index.php\/wp-json\/wp\/v2\/posts"}],"about":[{"href":"https:\/\/giurgiu-net.ro\/index.php\/wp-json\/wp\/v2\/types\/post"}],"author":[{"embeddable":true,"href":"https:\/\/giurgiu-net.ro\/index.php\/wp-json\/wp\/v2\/users\/1"}],"replies":[{"embeddable":true,"href":"https:\/\/giurgiu-net.ro\/index.php\/wp-json\/wp\/v2\/comments?post=36737"}],"version-history":[{"count":0,"href":"https:\/\/giurgiu-net.ro\/index.php\/wp-json\/wp\/v2\/posts\/36737\/revisions"}],"wp:featuredmedia":[{"embeddable":true,"href":"https:\/\/giurgiu-net.ro\/index.php\/wp-json\/wp\/v2\/media\/36739"}],"wp:attachment":[{"href":"https:\/\/giurgiu-net.ro\/index.php\/wp-json\/wp\/v2\/media?parent=36737"}],"wp:term":[{"taxonomy":"category","embeddable":true,"href":"https:\/\/giurgiu-net.ro\/index.php\/wp-json\/wp\/v2\/categories?post=36737"},{"taxonomy":"post_tag","embeddable":true,"href":"https:\/\/giurgiu-net.ro\/index.php\/wp-json\/wp\/v2\/tags?post=36737"}],"curies":[{"name":"wp","href":"https:\/\/api.w.org\/{rel}","templated":true}]}}