{"id":36695,"date":"2014-11-04T16:31:26","date_gmt":"2014-11-04T14:31:26","guid":{"rendered":"http:\/\/giurgiu-net.ro\/?p=36695"},"modified":"2014-11-04T16:31:26","modified_gmt":"2014-11-04T14:31:26","slug":"circa-o-suta-de-scari-ar-putea-ramane-fara-caldura","status":"publish","type":"post","link":"https:\/\/giurgiu-net.ro\/index.php\/2014\/11\/04\/circa-o-suta-de-scari-ar-putea-ramane-fara-caldura\/","title":{"rendered":"Circa o sut\u0103 de sc\u0103ri ar putea r\u0103m\u00e2ne f\u0103r\u0103 c\u0103ldur\u0103"},"content":{"rendered":"<p>La nivel local, la sistemul de termoficare giurgiuvean sunt racordate 914 sc\u0103ri de bloc. Dintre acestea, la acest moment sunt \u00een func\u021biune (de vineri, de c\u00e2nd se furnizeaz\u0103 agent termic \u00een municipiu) pu\u021bin peste o treime (361).<\/p>\n<p>Conform celor afirmate de primarul Nicolae Barbu \u00een conferin\u021ba de pres\u0103 de mar\u021bi, 4 noiembrie, \u00eencep\u00e2nd de joi, 30 octombrie, se furnizeaz\u0103 agent termic \u00een municipiu.<!--more--><\/p>\n<p><a href=\"https:\/\/giurgiu-net.ro\/wp-content\/uploads\/2014\/11\/barbu-nicolae-primarie.jpg\"><img loading=\"lazy\" decoding=\"async\" class=\" td-modal-image alignright wp-image-36700 size-medium\" src=\"https:\/\/giurgiu-net.ro\/wp-content\/uploads\/2014\/11\/barbu-nicolae-primarie-200x132.jpg\" alt=\"barbu nicolae primarie\" width=\"200\" height=\"132\" \/><\/a>\u201eAm \u00eenceput cu institu\u021biile, \u0219colile \u0219i gr\u0103dini\u021bele din ora\u0219, \u0219i, automat, \u0219i blocurile din \u00eemprejurimi au primit c\u0103ldur\u0103. Am extins apoi vineri furnizarea energiei termice, iar s\u00e2mb\u0103t\u0103 am finalizat aproape c\u0103tre toate sc\u0103rile de bloc de pe raza municipiului. Singurele locuri unde nu se \u00eenc\u0103lzesc caloriferele sunt blocurile \u00een care se \u00eenregistreaz\u0103 datorii foarte mari, cele \u00een care se mai \u00eenregistreaz\u0103 defec\u021biuni &#8211; minore &#8211; \u0219i cele \u00een care avem probleme cu semnarea conven\u021biilor sau a contractelor pentru furnizarea energiei termice\u201d, a declarat primarul municipiului.<\/p>\n<p>\u00cen situa\u021bia remedierii unor mici defec\u021biuni sunt circa 30 de sc\u0103ri de bloc, dar cele mai mari probleme sunt \u00eent\u00e2mpinate la sc\u0103rile sau asocia\u021biile care refuz\u0103 (sau \u201euit\u0103\u201d) s\u0103 semneze conven\u021biile de furnizare a agentului termic.<\/p>\n<p>La r\u00e2ndul s\u0103u, directorul Global Energy Production, Sorin Cepraga, afirma, \u00een cadrul aceleia\u0219i conferin\u021be de pres\u0103:<\/p>\n<p><a href=\"https:\/\/giurgiu-net.ro\/wp-content\/uploads\/2014\/11\/sorin-cepraga.jpg\"><img loading=\"lazy\" decoding=\"async\" class=\" td-modal-image alignnone wp-image-36701 size-medium\" src=\"https:\/\/giurgiu-net.ro\/wp-content\/uploads\/2014\/11\/sorin-cepraga-200x132.jpg\" alt=\"sorin cepraga\" width=\"200\" height=\"132\" \/><\/a>\u201e\u00cemi cer scuze public pentru faptul c\u0103 s-a \u00eent\u00e2rziat cu furnizarea agentului termic c\u0103tre popula\u021bie. Am \u00eenceput greu manevrele, nici probele nu le-am putut face a\u0219a cum trebuie, pentru c\u0103 am avut probleme cu apa. Dar sunt sigur c\u0103 nu vom mai avea parte de surprize nepl\u0103cute de acum \u00eenainte\u201d, a mai spus Sorin Cepraga.<\/p>\n<p>Din cele 245 de sc\u0103ri r\u0103mase, la acest moment, f\u0103r\u0103 agent termic, cel mai probabil jum\u0103tate din ele nu vor avea deloc c\u0103ldur\u0103 \u00een aceast\u0103 iarn\u0103, motivul principal fiind, conform declara\u021biilor lui Cepraga, datoriile mari.<\/p>\n<p>\u201eGEP are de \u00eencasat, doar pentru iarna trecut\u0103, aproape patruzeci de miliarde de lei vechi de la datornici, circa 80% provenind de la persoanele fizice. Recordul, din nefericire, \u00eel de\u021bine asocia\u021bia 34, care are datorii, pentru iarna trecut\u0103, de 390 de milioane de lei vechi\u201d, a mai spus directorul GEP.<\/p>\n<p>Oana C\u0102LIN<\/p>\n","protected":false},"excerpt":{"rendered":"<p>La nivel local, la sistemul de termoficare giurgiuvean sunt racordate 914 sc\u0103ri de bloc. Dintre acestea, la acest moment sunt \u00een func\u021biune (de vineri, de c\u00e2nd se furnizeaz\u0103 agent termic \u00een municipiu) pu\u021bin peste o treime (361). Conform celor afirmate de primarul Nicolae Barbu \u00een conferin\u021ba de pres\u0103 de mar\u021bi, 4 noiembrie, \u00eencep\u00e2nd de joi, [&hellip;]<\/p>\n","protected":false},"author":1,"featured_media":36702,"comment_status":"open","ping_status":"open","sticky":false,"template":"","format":"standard","meta":{"slim_seo":{"title":"Circa o sut\u0103 de sc\u0103ri ar putea r\u0103m\u00e2ne f\u0103r\u0103 c\u0103ldur\u0103 - GIURGIU NET","description":"La nivel local, la sistemul de termoficare giurgiuvean sunt racordate 914 sc\u0103ri de bloc. Dintre acestea, la acest moment sunt \u00een func\u021biune (de vineri, de c\u00e2nd s"},"footnotes":""},"categories":[19,26],"tags":[439,581,1220,1241,2165],"class_list":["post-36695","post","type-post","status-publish","format-standard","has-post-thumbnail","category-adm","category-soc","tag-caldura","tag-cepraga","tag-gep","tag-giurgiu","tag-primarie"],"_links":{"self":[{"href":"https:\/\/giurgiu-net.ro\/index.php\/wp-json\/wp\/v2\/posts\/36695","targetHints":{"allow":["GET"]}}],"collection":[{"href":"https:\/\/giurgiu-net.ro\/index.php\/wp-json\/wp\/v2\/posts"}],"about":[{"href":"https:\/\/giurgiu-net.ro\/index.php\/wp-json\/wp\/v2\/types\/post"}],"author":[{"embeddable":true,"href":"https:\/\/giurgiu-net.ro\/index.php\/wp-json\/wp\/v2\/users\/1"}],"replies":[{"embeddable":true,"href":"https:\/\/giurgiu-net.ro\/index.php\/wp-json\/wp\/v2\/comments?post=36695"}],"version-history":[{"count":0,"href":"https:\/\/giurgiu-net.ro\/index.php\/wp-json\/wp\/v2\/posts\/36695\/revisions"}],"wp:featuredmedia":[{"embeddable":true,"href":"https:\/\/giurgiu-net.ro\/index.php\/wp-json\/wp\/v2\/media\/36702"}],"wp:attachment":[{"href":"https:\/\/giurgiu-net.ro\/index.php\/wp-json\/wp\/v2\/media?parent=36695"}],"wp:term":[{"taxonomy":"category","embeddable":true,"href":"https:\/\/giurgiu-net.ro\/index.php\/wp-json\/wp\/v2\/categories?post=36695"},{"taxonomy":"post_tag","embeddable":true,"href":"https:\/\/giurgiu-net.ro\/index.php\/wp-json\/wp\/v2\/tags?post=36695"}],"curies":[{"name":"wp","href":"https:\/\/api.w.org\/{rel}","templated":true}]}}